{"id":729,"date":"2014-08-03T05:00:00","date_gmt":"2014-08-03T05:00:00","guid":{"rendered":""},"modified":"2014-08-03T05:00:00","modified_gmt":"2014-08-03T05:00:00","slug":"alerta-por-el-chikungunya-mantienen-las-autoridades-de-salud","status":"publish","type":"post","link":"https:\/\/sertv.gob.pa\/nacionalfm\/alerta-por-el-chikungunya-mantienen-las-autoridades-de-salud\/","title":{"rendered":"Alerta por el chikungunya mantienen las autoridades de salud"},"content":{"rendered":"<p>\nEl director regional metropolitano de Salud, Aurelio Rangel, hizo un llamado a la poblaci\u00f3n para que se mantenga la medida de eliminar los criaderos de mosquitos. Reiteraron que se mantiene la alerta por los casos de dengue y chikungunya registrados a nivel nacional. <\/p>\n<p>En lo que va de 2014 se han registrado en la regi\u00f3n metropolitana 1,075 casos de dengue y 12 de chikungunya, de los cuales 11 son importados y uno es aut\u00f3ctono. <\/p>\n<p>Pero las autoridades esperan la confirmaci\u00f3n por parte del Instituto Gorgas de seis casos sospechosos de fiebre chikungunya, los cuales, se aclar\u00f3, no son aut\u00f3ctonos. <\/p>\n<p>Tanto el dengue como la fiebre de chikungunya son transmitidos por los mosquitos Aedes aegypti y Aedes albopictus. De acuerdo con informes estad\u00edsticos, los corregimientos con mayores \u00edndices de infestaci\u00f3n del mosquito son Las Ma\u00f1anitas, Betania y Juan D\u00edaz. <\/p>\n<p>Las autoridades mantienen los operativos en viviendas y construcciones, ante puntos de infestaci\u00f3n por la acumulaci\u00f3n de agua. @nacionalFm <\/p>\n<p>\u00a0 <\/p>\n","protected":false},"excerpt":{"rendered":"<p>El director regional metropolitano de Salud, Aurelio Rangel, hizo un <a href=\"https:\/\/sertv.gob.pa\/nacionalfm\/alerta-por-el-chikungunya-mantienen-las-autoridades-de-salud\/\"> [&#8230;]<\/a><\/p>\n","protected":false},"author":1,"featured_media":730,"comment_status":"closed","ping_status":"closed","sticky":false,"template":"","format":"standard","meta":{"footnotes":""},"categories":[5],"tags":[],"class_list":["post-729","post","type-post","status-publish","format-standard","has-post-thumbnail","hentry","category-salud"],"_links":{"self":[{"href":"https:\/\/sertv.gob.pa\/nacionalfm\/wp-json\/wp\/v2\/posts\/729","targetHints":{"allow":["GET"]}}],"collection":[{"href":"https:\/\/sertv.gob.pa\/nacionalfm\/wp-json\/wp\/v2\/posts"}],"about":[{"href":"https:\/\/sertv.gob.pa\/nacionalfm\/wp-json\/wp\/v2\/types\/post"}],"author":[{"embeddable":true,"href":"https:\/\/sertv.gob.pa\/nacionalfm\/wp-json\/wp\/v2\/users\/1"}],"replies":[{"embeddable":true,"href":"https:\/\/sertv.gob.pa\/nacionalfm\/wp-json\/wp\/v2\/comments?post=729"}],"version-history":[{"count":0,"href":"https:\/\/sertv.gob.pa\/nacionalfm\/wp-json\/wp\/v2\/posts\/729\/revisions"}],"wp:featuredmedia":[{"embeddable":true,"href":"https:\/\/sertv.gob.pa\/nacionalfm\/wp-json\/wp\/v2\/media\/730"}],"wp:attachment":[{"href":"https:\/\/sertv.gob.pa\/nacionalfm\/wp-json\/wp\/v2\/media?parent=729"}],"wp:term":[{"taxonomy":"category","embeddable":true,"href":"https:\/\/sertv.gob.pa\/nacionalfm\/wp-json\/wp\/v2\/categories?post=729"},{"taxonomy":"post_tag","embeddable":true,"href":"https:\/\/sertv.gob.pa\/nacionalfm\/wp-json\/wp\/v2\/tags?post=729"}],"curies":[{"name":"wp","href":"https:\/\/api.w.org\/{rel}","templated":true}]}}