{"id":72911,"date":"2021-08-23T18:24:55","date_gmt":"2021-08-23T18:24:55","guid":{"rendered":"https:\/\/sertv.gob.pa\/nacionalfm\/?p=72911"},"modified":"2021-08-23T18:24:55","modified_gmt":"2021-08-23T18:24:55","slug":"keiko-fujimori-reconoce-finalmente-a-pedro-castillo-como-presidente-de-peru","status":"publish","type":"post","link":"https:\/\/sertv.gob.pa\/nacionalfm\/keiko-fujimori-reconoce-finalmente-a-pedro-castillo-como-presidente-de-peru\/","title":{"rendered":"Keiko Fujimori reconoce finalmente a Pedro Castillo como presidente de Per\u00fa"},"content":{"rendered":"<p><strong><em>MADRID, (EUROPA PRESS) &#8211;<\/em><\/strong><\/p>\n<p>&nbsp;<\/p>\n<p>La dirigente de la oposici\u00f3n peruana, Keiko Fujimori, ha reconocido este lunes a Pedro Castillo como presidente del pa\u00eds, casi un mes despu\u00e9s de su toma formal de posesi\u00f3n y mes y medio despu\u00e9s de la segunda vuelta de las elecciones en las que Castillo se impuso a la propia Fujimori por un estrecho margen de votos.<\/p>\n<p>\u00abYo reconozco al se\u00f1or Pedro Castillo como presidente de la Rep\u00fablica de nuestro pa\u00eds. Espero que \u00e9l escuche el sentir de las grandes mayor\u00edas y que haga un buen mandato en los pr\u00f3ximos cinco a\u00f1os\u00bb, ha afirmado Fujimori en una entrevista con la emisora peruana RPP.<\/p>\n<p>La excandidata presidencial ha abierto adem\u00e1s la puerta a reunirse con Castillo en calidad de l\u00edder de la formaci\u00f3n opositora Fuerza Popular, con una importante presencia en el Congreso, y siempre que el mandatario lo solicitara de manera formal.<\/p>\n<p>\u00abYo no me niego a esa posibilidad. Cada vez que un presidente de la Rep\u00fablica me ha solicitado conversar, siempre he asistido. Es m\u00e1s, la semana pasada ha habido una reuni\u00f3n del Acuerdo Nacional y como representante de Fuerza Popular ha acudido el vocero Nano Guerra Garc\u00eda\u00bb, ha apuntado.<\/p>\n<p>Fujimori ha explicado que reconoci\u00f3 la victoria de Castillo unas semanas despu\u00e9s de la publicaci\u00f3n de los primeros resultados oficiales \u00abm\u00e1s all\u00e1 de las denuncias e irregularidades que nosotros hemos revelado\u00bb y que dej\u00f3 de participar en las manifestaciones convocadas para expresar rechazo a Castillo.<\/p>\n<p>\u00abHe decidido no participar en estas movilizaciones, pero s\u00ed saludo el activismo pol\u00edtico. Creo que es fundamental que nuestros ciudadanos est\u00e9n alertas, sobre todo porque vemos que hay una intenci\u00f3n de mantener su plan radical, pero todav\u00eda hay muchas alertas que nos preocupan que quieran convertir a nuestro pa\u00eds en Cuba y en Venezuela\u00bb, ha argumentado.<\/p>\n<p>Fujimori advirti\u00f3 de fraude electoral en campa\u00f1a y posteriormente agot\u00f3 todos los recursos legales para exigir una repetici\u00f3n de la votaci\u00f3n, sin que se hallaran pruebas de irregularidades relevantes.<\/p>\n<p>&nbsp;<\/p>\n<p>&nbsp;<\/p>\n<p>Fuentes: EUROPA PRESS<\/p>\n","protected":false},"excerpt":{"rendered":"<p>MADRID, (EUROPA PRESS) &#8211; &nbsp; La dirigente de la oposici\u00f3n <a href=\"https:\/\/sertv.gob.pa\/nacionalfm\/keiko-fujimori-reconoce-finalmente-a-pedro-castillo-como-presidente-de-peru\/\"> [&#8230;]<\/a><\/p>\n","protected":false},"author":9,"featured_media":72912,"comment_status":"closed","ping_status":"closed","sticky":false,"template":"","format":"standard","meta":{"footnotes":""},"categories":[3],"tags":[],"class_list":["post-72911","post","type-post","status-publish","format-standard","has-post-thumbnail","hentry","category-internacionales"],"_links":{"self":[{"href":"https:\/\/sertv.gob.pa\/nacionalfm\/wp-json\/wp\/v2\/posts\/72911","targetHints":{"allow":["GET"]}}],"collection":[{"href":"https:\/\/sertv.gob.pa\/nacionalfm\/wp-json\/wp\/v2\/posts"}],"about":[{"href":"https:\/\/sertv.gob.pa\/nacionalfm\/wp-json\/wp\/v2\/types\/post"}],"author":[{"embeddable":true,"href":"https:\/\/sertv.gob.pa\/nacionalfm\/wp-json\/wp\/v2\/users\/9"}],"replies":[{"embeddable":true,"href":"https:\/\/sertv.gob.pa\/nacionalfm\/wp-json\/wp\/v2\/comments?post=72911"}],"version-history":[{"count":1,"href":"https:\/\/sertv.gob.pa\/nacionalfm\/wp-json\/wp\/v2\/posts\/72911\/revisions"}],"predecessor-version":[{"id":72914,"href":"https:\/\/sertv.gob.pa\/nacionalfm\/wp-json\/wp\/v2\/posts\/72911\/revisions\/72914"}],"wp:featuredmedia":[{"embeddable":true,"href":"https:\/\/sertv.gob.pa\/nacionalfm\/wp-json\/wp\/v2\/media\/72912"}],"wp:attachment":[{"href":"https:\/\/sertv.gob.pa\/nacionalfm\/wp-json\/wp\/v2\/media?parent=72911"}],"wp:term":[{"taxonomy":"category","embeddable":true,"href":"https:\/\/sertv.gob.pa\/nacionalfm\/wp-json\/wp\/v2\/categories?post=72911"},{"taxonomy":"post_tag","embeddable":true,"href":"https:\/\/sertv.gob.pa\/nacionalfm\/wp-json\/wp\/v2\/tags?post=72911"}],"curies":[{"name":"wp","href":"https:\/\/api.w.org\/{rel}","templated":true}]}}