{"id":72915,"date":"2021-08-23T18:39:35","date_gmt":"2021-08-23T18:39:35","guid":{"rendered":"https:\/\/sertv.gob.pa\/nacionalfm\/?p=72915"},"modified":"2021-08-23T18:39:35","modified_gmt":"2021-08-23T18:39:35","slug":"las-potencias-occidentales-negocian-ya-con-los-taliban-seguir-la-evacuacion-mas-alla-del-31-de-agosto","status":"publish","type":"post","link":"https:\/\/sertv.gob.pa\/nacionalfm\/las-potencias-occidentales-negocian-ya-con-los-taliban-seguir-la-evacuacion-mas-alla-del-31-de-agosto\/","title":{"rendered":"Las potencias occidentales negocian ya con los talib\u00e1n seguir la evacuaci\u00f3n m\u00e1s all\u00e1 del 31 de agosto"},"content":{"rendered":"<p><strong><em>MADRID, (EUROPA PRESS) \u2013<\/em><\/strong><\/p>\n<p><strong><em>\u00a0<\/em><\/strong><\/p>\n<p>El ministro de Asuntos Exteriores alem\u00e1n, Heiko Maas, ha anunciado este lunes que Estados Unidos, Alemania y Turqu\u00eda est\u00e1n negociando con los talib\u00e1n continuar con las evacuaciones de Afganist\u00e1n m\u00e1s all\u00e1 de la fecha l\u00edmite inicial del 31 de agosto.<\/p>\n<p>El objetivo de los contactos es \u00abfacilitar que el aeropuerto de Kabul siga funcionando bajo autoridades civiles para que se pueda seguir con la evacuaci\u00f3n m\u00e1s all\u00e1 del 31 de agosto\u00bb, ha explicado Maas.<\/p>\n<p>En cualquier caso, ha aseverado que el aeropuerto solo puede mantenerse abierto en septiembre \u00absi se garantiza la seguridad\u00bb, al tiempo que ha reconocido que la situaci\u00f3n es \u00abcada vez m\u00e1s ca\u00f3tica\u00bb.<\/p>\n<p>Maas ha explicado que Washington no ha tomado a\u00fan una decisi\u00f3n sobre la continuidad de las evacuaciones m\u00e1s all\u00e1 de la fecha l\u00edmite, pero ha subrayado que los l\u00edderes de los pa\u00edses del G7 quieren coordinar la evacuaci\u00f3n y estudiar una pr\u00f3rroga de la misma, seg\u00fan recoge la prensa alemana.<\/p>\n<p>Este lunes se ha producido un tiroteo entre individuos armados, efectivos militares occidentales y agentes afganos en el acceso norte del aeropuerto. Un soldado afgano ha muerto.<\/p>\n<p>Mientras, los talib\u00e1n rechazan la pr\u00f3rroga de la evacuaci\u00f3n y un portavoz, Suhail Shah\u00edn, ha advertido de \u00abconsecuencias\u00bb si no cesan las evacuaciones en esa fecha.<\/p>\n<p>&nbsp;<\/p>\n<p>Fuentes: EUROPA PRESS<\/p>\n","protected":false},"excerpt":{"rendered":"<p>MADRID, (EUROPA PRESS) \u2013 \u00a0 El ministro de Asuntos Exteriores <a href=\"https:\/\/sertv.gob.pa\/nacionalfm\/las-potencias-occidentales-negocian-ya-con-los-taliban-seguir-la-evacuacion-mas-alla-del-31-de-agosto\/\"> [&#8230;]<\/a><\/p>\n","protected":false},"author":9,"featured_media":72916,"comment_status":"closed","ping_status":"closed","sticky":false,"template":"","format":"standard","meta":{"footnotes":""},"categories":[3],"tags":[],"class_list":["post-72915","post","type-post","status-publish","format-standard","has-post-thumbnail","hentry","category-internacionales"],"_links":{"self":[{"href":"https:\/\/sertv.gob.pa\/nacionalfm\/wp-json\/wp\/v2\/posts\/72915","targetHints":{"allow":["GET"]}}],"collection":[{"href":"https:\/\/sertv.gob.pa\/nacionalfm\/wp-json\/wp\/v2\/posts"}],"about":[{"href":"https:\/\/sertv.gob.pa\/nacionalfm\/wp-json\/wp\/v2\/types\/post"}],"author":[{"embeddable":true,"href":"https:\/\/sertv.gob.pa\/nacionalfm\/wp-json\/wp\/v2\/users\/9"}],"replies":[{"embeddable":true,"href":"https:\/\/sertv.gob.pa\/nacionalfm\/wp-json\/wp\/v2\/comments?post=72915"}],"version-history":[{"count":1,"href":"https:\/\/sertv.gob.pa\/nacionalfm\/wp-json\/wp\/v2\/posts\/72915\/revisions"}],"predecessor-version":[{"id":72917,"href":"https:\/\/sertv.gob.pa\/nacionalfm\/wp-json\/wp\/v2\/posts\/72915\/revisions\/72917"}],"wp:featuredmedia":[{"embeddable":true,"href":"https:\/\/sertv.gob.pa\/nacionalfm\/wp-json\/wp\/v2\/media\/72916"}],"wp:attachment":[{"href":"https:\/\/sertv.gob.pa\/nacionalfm\/wp-json\/wp\/v2\/media?parent=72915"}],"wp:term":[{"taxonomy":"category","embeddable":true,"href":"https:\/\/sertv.gob.pa\/nacionalfm\/wp-json\/wp\/v2\/categories?post=72915"},{"taxonomy":"post_tag","embeddable":true,"href":"https:\/\/sertv.gob.pa\/nacionalfm\/wp-json\/wp\/v2\/tags?post=72915"}],"curies":[{"name":"wp","href":"https:\/\/api.w.org\/{rel}","templated":true}]}}