{"id":72962,"date":"2021-08-24T18:17:13","date_gmt":"2021-08-24T18:17:13","guid":{"rendered":"https:\/\/sertv.gob.pa\/nacionalfm\/?p=72962"},"modified":"2021-08-24T18:17:13","modified_gmt":"2021-08-24T18:17:13","slug":"biden-confirma-que-la-retirada-de-las-fuerzas-de-eeuu-terminara-el-31-de-agosto","status":"publish","type":"post","link":"https:\/\/sertv.gob.pa\/nacionalfm\/biden-confirma-que-la-retirada-de-las-fuerzas-de-eeuu-terminara-el-31-de-agosto\/","title":{"rendered":"Biden confirma que la retirada de las fuerzas de EEUU terminar\u00e1 el 31 de agosto"},"content":{"rendered":"<p><strong><em>MADRID, (EUROPA PRESS) \u2013<\/em><\/strong><\/p>\n<p><strong><em>\u00a0<\/em><\/strong><\/p>\n<p>El presidente de Estados Unidos, Joe Biden, ha confirmado este martes que la retirada de las fuerzas estadounidenses de Afganist\u00e1n terminar\u00e1 el pr\u00f3ximo 31 de agosto a pesar de las peticiones internacionales para extender el plazo ante la imposibilidad de completar las tareas de la evacuaci\u00f3n en la capital, Kabul, para esa fecha.<\/p>\n<p>\u00abEl presidente Biden ha decidido, en consulta con su equipo de seguridad nacional, ce\u00f1irse a la fecha l\u00edmite del 31 de agosto para retirar las tropas de Afganist\u00e1n\u00bb, seg\u00fan ha informado un alto responsable de la Administraci\u00f3n a la cadena estadounidense CNN.<\/p>\n<p>\u00abBiden ha tomado esta decisi\u00f3n consciente de los riesgos que existen ahora mismo sobre la seguridad\u00bb en Kabul, han a\u00f1adido estas fuentes.<\/p>\n<p>El ministro de Defensa de Reino Unido, Ben Wallace, ya hab\u00eda se\u00f1alado este martes que cre\u00eda \u00abimprobable\u00bb que Estados Unidos ampliase el plazo l\u00edmite inicial del 31 de agosto, tanto por las recientes declaraciones recientes de Biden sobre su insistencia a la hora de mantener la fecha de retirada como por la negativa de los propios talib\u00e1n a permitir una extensi\u00f3n de la permanencia de las tropas.<\/p>\n<p>De hecho, los propios talib\u00e1n ya advirtieron el lunes de que habr\u00eda \u00abconsecuencias\u00bb si los pa\u00edses extranjeros no completan su retirada del pa\u00eds para esa fecha. Este mismo martes, un portavoz ha insistido en que no cabe aplazamiento alguno y ha advertido de que solo facilitar\u00e1n la evacuaci\u00f3n de ciudadanos extranjeros.<\/p>\n<p>&nbsp;<\/p>\n<p>Fuente: EUROPA PRESS<\/p>\n","protected":false},"excerpt":{"rendered":"<p>MADRID, (EUROPA PRESS) \u2013 \u00a0 El presidente de Estados Unidos, <a href=\"https:\/\/sertv.gob.pa\/nacionalfm\/biden-confirma-que-la-retirada-de-las-fuerzas-de-eeuu-terminara-el-31-de-agosto\/\"> [&#8230;]<\/a><\/p>\n","protected":false},"author":9,"featured_media":72963,"comment_status":"closed","ping_status":"closed","sticky":false,"template":"","format":"standard","meta":{"footnotes":""},"categories":[3],"tags":[],"class_list":["post-72962","post","type-post","status-publish","format-standard","has-post-thumbnail","hentry","category-internacionales"],"_links":{"self":[{"href":"https:\/\/sertv.gob.pa\/nacionalfm\/wp-json\/wp\/v2\/posts\/72962","targetHints":{"allow":["GET"]}}],"collection":[{"href":"https:\/\/sertv.gob.pa\/nacionalfm\/wp-json\/wp\/v2\/posts"}],"about":[{"href":"https:\/\/sertv.gob.pa\/nacionalfm\/wp-json\/wp\/v2\/types\/post"}],"author":[{"embeddable":true,"href":"https:\/\/sertv.gob.pa\/nacionalfm\/wp-json\/wp\/v2\/users\/9"}],"replies":[{"embeddable":true,"href":"https:\/\/sertv.gob.pa\/nacionalfm\/wp-json\/wp\/v2\/comments?post=72962"}],"version-history":[{"count":1,"href":"https:\/\/sertv.gob.pa\/nacionalfm\/wp-json\/wp\/v2\/posts\/72962\/revisions"}],"predecessor-version":[{"id":72965,"href":"https:\/\/sertv.gob.pa\/nacionalfm\/wp-json\/wp\/v2\/posts\/72962\/revisions\/72965"}],"wp:featuredmedia":[{"embeddable":true,"href":"https:\/\/sertv.gob.pa\/nacionalfm\/wp-json\/wp\/v2\/media\/72963"}],"wp:attachment":[{"href":"https:\/\/sertv.gob.pa\/nacionalfm\/wp-json\/wp\/v2\/media?parent=72962"}],"wp:term":[{"taxonomy":"category","embeddable":true,"href":"https:\/\/sertv.gob.pa\/nacionalfm\/wp-json\/wp\/v2\/categories?post=72962"},{"taxonomy":"post_tag","embeddable":true,"href":"https:\/\/sertv.gob.pa\/nacionalfm\/wp-json\/wp\/v2\/tags?post=72962"}],"curies":[{"name":"wp","href":"https:\/\/api.w.org\/{rel}","templated":true}]}}