{"id":72966,"date":"2021-08-24T18:31:01","date_gmt":"2021-08-24T18:31:01","guid":{"rendered":"https:\/\/sertv.gob.pa\/nacionalfm\/?p=72966"},"modified":"2021-08-24T18:31:01","modified_gmt":"2021-08-24T18:31:01","slug":"hrw-pide-proteccion-para-los-ddhh-de-las-mujeres-y-ninas-haitianas-durante-la-reconstruccion-tras-el-seismo","status":"publish","type":"post","link":"https:\/\/sertv.gob.pa\/nacionalfm\/hrw-pide-proteccion-para-los-ddhh-de-las-mujeres-y-ninas-haitianas-durante-la-reconstruccion-tras-el-seismo\/","title":{"rendered":"HRW pide protecci\u00f3n para los DDHH de las mujeres y ni\u00f1as haitianas durante la reconstrucci\u00f3n tras el se\u00edsmo"},"content":{"rendered":"<p><strong><em>MADRID, (EUROPA PRESS) \u2013<\/em><\/strong><\/p>\n<p><strong><em>\u00a0<\/em><\/strong><\/p>\n<p>La ONG Human Rights Watch ha pedido al Gobierno de Hait\u00ed y a los donantes internacionales que aprendan la lecci\u00f3n del catastr\u00f3fico terremoto de 2010 y no se olviden de los Derechos Humanos, de las mujeres en particular, mientras cubren las necesidades de la poblaci\u00f3n afectada por el grave se\u00edsmo de este mes que ha dejado m\u00e1s de 2.000 muertos, 12.000 heridos y decenas de miles de afectados m\u00e1s en el pa\u00eds caribe\u00f1o.<\/p>\n<p>\u00abLas necesidades m\u00e9dicas son ahora mismo tan grandes que existe el riesgo de que se vea a los Derechos Humanos como algo optativo. Ya hemos visto antes esta historia, una que deja a las mujeres y las ni\u00f1as expuestas a la violencia, a los abusos y a la muerte\u00bb, ha declarado la directora adjunta para los Derechos de la Mujer de HRW, Amanda Klasing.<\/p>\n<p>Los estudios de Human Rights Watch sobre el terremoto de 2010 demostraron que las mujeres y las ni\u00f1as acabaron desprotegidas en medio del caos tras el se\u00edsmo, sin atenci\u00f3n m\u00e9dica especializada, en particular en lo que se refiere a salud reproductiva, ni protecci\u00f3n ante los abusos.<\/p>\n<p>\u00abDado el enorme conocimiento de lo que sali\u00f3 mal hace diez a\u00f1os, ser\u00eda intolerable e inhumano que los Derechos Humanos volvieran a quedar olvidados durante los esfuerzos de respuesta humanitaria\u00bb, lamenta Klasing.<\/p>\n<p>La situaci\u00f3n es todav\u00eda peor dados los da\u00f1os materiales del se\u00edsmo del 14 de agosto, que destruy\u00f3 cuatro cl\u00ednicas y da\u00f1\u00f3 otras 32, por lo que mujeres necesitadas de anticonceptivos o de atenci\u00f3n post-trauma sexual se han quedado sin donde ir.<\/p>\n<p>HRW tambi\u00e9n pide que se acelere la llegada de fondos tras recordar los donantes entregaron durante los primero 18 meses tras el se\u00edsmo de 2010 menos de la mitad de los fondos comprometidos, con el resultado de un \u00abvac\u00edo devastador\u00bb para la poblaci\u00f3n marginada del pa\u00eds.<\/p>\n<p>\u00abHay que respetar los derechos de los haitianos durante la respuesta al se\u00edsmo, y los donantes internacionales deben colaborar con el Gobierno uy las ONG locales para garantizar una supervisi\u00f3n eficaz del proceso, as\u00ed todos podr\u00e1n disfrutar de los servicios, protecci\u00f3n y respeto que se merecen\u00bb, concluye Klasing.<\/p>\n<p>&nbsp;<\/p>\n<p>Fuente: EUROPA PRESS<\/p>\n","protected":false},"excerpt":{"rendered":"<p>MADRID, (EUROPA PRESS) \u2013 \u00a0 La ONG Human Rights Watch <a href=\"https:\/\/sertv.gob.pa\/nacionalfm\/hrw-pide-proteccion-para-los-ddhh-de-las-mujeres-y-ninas-haitianas-durante-la-reconstruccion-tras-el-seismo\/\"> [&#8230;]<\/a><\/p>\n","protected":false},"author":9,"featured_media":72967,"comment_status":"closed","ping_status":"closed","sticky":false,"template":"","format":"standard","meta":{"footnotes":""},"categories":[3],"tags":[],"class_list":["post-72966","post","type-post","status-publish","format-standard","has-post-thumbnail","hentry","category-internacionales"],"_links":{"self":[{"href":"https:\/\/sertv.gob.pa\/nacionalfm\/wp-json\/wp\/v2\/posts\/72966","targetHints":{"allow":["GET"]}}],"collection":[{"href":"https:\/\/sertv.gob.pa\/nacionalfm\/wp-json\/wp\/v2\/posts"}],"about":[{"href":"https:\/\/sertv.gob.pa\/nacionalfm\/wp-json\/wp\/v2\/types\/post"}],"author":[{"embeddable":true,"href":"https:\/\/sertv.gob.pa\/nacionalfm\/wp-json\/wp\/v2\/users\/9"}],"replies":[{"embeddable":true,"href":"https:\/\/sertv.gob.pa\/nacionalfm\/wp-json\/wp\/v2\/comments?post=72966"}],"version-history":[{"count":1,"href":"https:\/\/sertv.gob.pa\/nacionalfm\/wp-json\/wp\/v2\/posts\/72966\/revisions"}],"predecessor-version":[{"id":72968,"href":"https:\/\/sertv.gob.pa\/nacionalfm\/wp-json\/wp\/v2\/posts\/72966\/revisions\/72968"}],"wp:featuredmedia":[{"embeddable":true,"href":"https:\/\/sertv.gob.pa\/nacionalfm\/wp-json\/wp\/v2\/media\/72967"}],"wp:attachment":[{"href":"https:\/\/sertv.gob.pa\/nacionalfm\/wp-json\/wp\/v2\/media?parent=72966"}],"wp:term":[{"taxonomy":"category","embeddable":true,"href":"https:\/\/sertv.gob.pa\/nacionalfm\/wp-json\/wp\/v2\/categories?post=72966"},{"taxonomy":"post_tag","embeddable":true,"href":"https:\/\/sertv.gob.pa\/nacionalfm\/wp-json\/wp\/v2\/tags?post=72966"}],"curies":[{"name":"wp","href":"https:\/\/api.w.org\/{rel}","templated":true}]}}