{"id":7299,"date":"2015-09-08T18:34:27","date_gmt":"2015-09-08T18:34:27","guid":{"rendered":""},"modified":"2015-09-08T18:34:27","modified_gmt":"2015-09-08T18:34:27","slug":"nuevas-caracteristicas-geneticas-asociadas-al-infarto-de-miocardio","status":"publish","type":"post","link":"https:\/\/sertv.gob.pa\/nacionalfm\/nuevas-caracteristicas-geneticas-asociadas-al-infarto-de-miocardio\/","title":{"rendered":"Nuevas caracter\u00edsticas gen\u00e9ticas asociadas al infarto de miocardio"},"content":{"rendered":"<p>\nUn equipo internacional de investigadores ha identificado 10 nuevas variantes o caracter\u00edsticas gen\u00e9ticas asociadas al peligro de padecer cardiopat\u00eda isqu\u00e9mica, una dolencia que puede derivar en infarto, muerte s\u00fabita o angina de pecho y que, hoy por hoy, es la principal causa de\u00a0 muerte en Europa. <\/p>\n<p>El estudio, bautizado como  The CARDIoGRAMplusC4C , ha sido efectuado por un consorcio internacional de investigadores y cuenta con la participaci\u00f3n de cient\u00edficos del Instituto Hospital del Mar de Investigaciones M\u00e9dicas (Imim). <\/p>\n<p>\u00abLos estudios previos que hab\u00edan intentado descubrir las causas (o base gen\u00e9tica) de la cardiopat\u00eda isqu\u00e9mica hab\u00edan identificado 48 caracter\u00edsticas gen\u00e9ticas comunes -presentes en m\u00e1s del 5 % de la poblaci\u00f3n-, asociadas al riesgo de padecer esta dolencia y que aumentaban dicho riesgo en un 10-15%\u00bb. <\/p>\n<p>As\u00ed lo explic\u00f3 el coordinador del grupo de investigaci\u00f3n en epidemiolog\u00eda y gen\u00e9tica cardiovascular del espa\u00f1ol Instituto Hospital del Mar de Investigaciones M\u00e9dicas y coautor del trabajo, Roberto Elosua. <\/p>\n<p>\u00a0 <\/p>\n<p>\u00a0 <\/p>\n","protected":false},"excerpt":{"rendered":"<p>Un equipo internacional de investigadores ha identificado 10 nuevas variantes <a href=\"https:\/\/sertv.gob.pa\/nacionalfm\/nuevas-caracteristicas-geneticas-asociadas-al-infarto-de-miocardio\/\"> [&#8230;]<\/a><\/p>\n","protected":false},"author":1,"featured_media":7300,"comment_status":"closed","ping_status":"closed","sticky":false,"template":"","format":"standard","meta":{"footnotes":""},"categories":[5],"tags":[],"class_list":["post-7299","post","type-post","status-publish","format-standard","has-post-thumbnail","hentry","category-salud"],"_links":{"self":[{"href":"https:\/\/sertv.gob.pa\/nacionalfm\/wp-json\/wp\/v2\/posts\/7299","targetHints":{"allow":["GET"]}}],"collection":[{"href":"https:\/\/sertv.gob.pa\/nacionalfm\/wp-json\/wp\/v2\/posts"}],"about":[{"href":"https:\/\/sertv.gob.pa\/nacionalfm\/wp-json\/wp\/v2\/types\/post"}],"author":[{"embeddable":true,"href":"https:\/\/sertv.gob.pa\/nacionalfm\/wp-json\/wp\/v2\/users\/1"}],"replies":[{"embeddable":true,"href":"https:\/\/sertv.gob.pa\/nacionalfm\/wp-json\/wp\/v2\/comments?post=7299"}],"version-history":[{"count":0,"href":"https:\/\/sertv.gob.pa\/nacionalfm\/wp-json\/wp\/v2\/posts\/7299\/revisions"}],"wp:featuredmedia":[{"embeddable":true,"href":"https:\/\/sertv.gob.pa\/nacionalfm\/wp-json\/wp\/v2\/media\/7300"}],"wp:attachment":[{"href":"https:\/\/sertv.gob.pa\/nacionalfm\/wp-json\/wp\/v2\/media?parent=7299"}],"wp:term":[{"taxonomy":"category","embeddable":true,"href":"https:\/\/sertv.gob.pa\/nacionalfm\/wp-json\/wp\/v2\/categories?post=7299"},{"taxonomy":"post_tag","embeddable":true,"href":"https:\/\/sertv.gob.pa\/nacionalfm\/wp-json\/wp\/v2\/tags?post=7299"}],"curies":[{"name":"wp","href":"https:\/\/api.w.org\/{rel}","templated":true}]}}