{"id":7301,"date":"2015-09-08T18:48:18","date_gmt":"2015-09-08T18:48:18","guid":{"rendered":""},"modified":"2015-09-08T18:48:18","modified_gmt":"2015-09-08T18:48:18","slug":"salud-inspecciona-salones-de-belleza-de-san-miguelito","status":"publish","type":"post","link":"https:\/\/sertv.gob.pa\/nacionalfm\/salud-inspecciona-salones-de-belleza-de-san-miguelito\/","title":{"rendered":"Salud inspecciona salones de belleza de San Miguelito"},"content":{"rendered":"<p>\nHoy martes, la Direcci\u00f3n de Salud de San Miguelito lleva a cabo una inspecci\u00f3n en los salones y salas de bellezas ubicados en Villa Lucre, distrito de San Miguelito. <\/p>\n<p>Como parte de las irregularidades halladas se detect\u00f3 un carn\u00e9 de salud falso en manos de una operaria de belleza, no \u00e1rea de desinfecci\u00f3n para instrumental, productos de belleza cerca de alimentos, toallas en el piso y otras fallas sanitarias. Los implicados fueron citados a la Regional de Salud para aplicaci\u00f3n de multas que va de 501 a 5 mil d\u00f3lares. <\/p>\n<p>El Dr. Juan Biebarach, director regional de Salud de San Miguelito, explic\u00f3 que junto a un  grupo  de inspectores verifican el cumplimiento de la resoluci\u00f3n 79 que establece el cumplimiento de normas higi\u00e9nicas y desinfecci\u00f3n de utensilios de belleza y uso de navajas desechables. <\/p>\n<p>Adicionalmente se verifica la idoneidad de las estilistas, posesi\u00f3n del carn\u00e9 de salud y otros requisitos sanitarios. <\/p>\n<p>El operativo incluye restaurantes y establecimiento de inter\u00e9s sanitario. <\/p>\n<p>\u00a0 <\/p>\n","protected":false},"excerpt":{"rendered":"<p>Hoy martes, la Direcci\u00f3n de Salud de San Miguelito lleva <a href=\"https:\/\/sertv.gob.pa\/nacionalfm\/salud-inspecciona-salones-de-belleza-de-san-miguelito\/\"> [&#8230;]<\/a><\/p>\n","protected":false},"author":1,"featured_media":7302,"comment_status":"closed","ping_status":"closed","sticky":false,"template":"","format":"standard","meta":{"footnotes":""},"categories":[5],"tags":[],"class_list":["post-7301","post","type-post","status-publish","format-standard","has-post-thumbnail","hentry","category-salud"],"_links":{"self":[{"href":"https:\/\/sertv.gob.pa\/nacionalfm\/wp-json\/wp\/v2\/posts\/7301","targetHints":{"allow":["GET"]}}],"collection":[{"href":"https:\/\/sertv.gob.pa\/nacionalfm\/wp-json\/wp\/v2\/posts"}],"about":[{"href":"https:\/\/sertv.gob.pa\/nacionalfm\/wp-json\/wp\/v2\/types\/post"}],"author":[{"embeddable":true,"href":"https:\/\/sertv.gob.pa\/nacionalfm\/wp-json\/wp\/v2\/users\/1"}],"replies":[{"embeddable":true,"href":"https:\/\/sertv.gob.pa\/nacionalfm\/wp-json\/wp\/v2\/comments?post=7301"}],"version-history":[{"count":0,"href":"https:\/\/sertv.gob.pa\/nacionalfm\/wp-json\/wp\/v2\/posts\/7301\/revisions"}],"wp:featuredmedia":[{"embeddable":true,"href":"https:\/\/sertv.gob.pa\/nacionalfm\/wp-json\/wp\/v2\/media\/7302"}],"wp:attachment":[{"href":"https:\/\/sertv.gob.pa\/nacionalfm\/wp-json\/wp\/v2\/media?parent=7301"}],"wp:term":[{"taxonomy":"category","embeddable":true,"href":"https:\/\/sertv.gob.pa\/nacionalfm\/wp-json\/wp\/v2\/categories?post=7301"},{"taxonomy":"post_tag","embeddable":true,"href":"https:\/\/sertv.gob.pa\/nacionalfm\/wp-json\/wp\/v2\/tags?post=7301"}],"curies":[{"name":"wp","href":"https:\/\/api.w.org\/{rel}","templated":true}]}}