{"id":73014,"date":"2021-08-25T17:36:19","date_gmt":"2021-08-25T17:36:19","guid":{"rendered":"https:\/\/sertv.gob.pa\/nacionalfm\/?p=73014"},"modified":"2021-08-25T17:36:19","modified_gmt":"2021-08-25T17:36:19","slug":"mas-de-10-000-personas-esperan-en-el-aeropuerto-de-kabul-a-ser-evacuadas","status":"publish","type":"post","link":"https:\/\/sertv.gob.pa\/nacionalfm\/mas-de-10-000-personas-esperan-en-el-aeropuerto-de-kabul-a-ser-evacuadas\/","title":{"rendered":"M\u00e1s de 10.000 personas esperan en el aeropuerto de Kabul a ser evacuadas"},"content":{"rendered":"<p><strong><em>MADRID, (EUROPA PRESS) \u2013<\/em><\/strong><\/p>\n<p>&nbsp;<\/p>\n<p>M\u00e1s de 10.000 personas est\u00e1n en el aeropuerto de Kabul a la espera de poder abandonar Afganist\u00e1n en las pr\u00f3ximas horas, seg\u00fan el Departamento de Defensa de Estados Unidos, que ya ha anticipado que comenzar\u00e1 a priorizar la evacuaci\u00f3n de sus tropas ante el inminente repliegue definitivo.<\/p>\n<p>El subdirector de log\u00edstica de las Fuerzas Armadas, Hank Taylor, ha asegurado que, desde que comenzaron los trabajos de evacuaci\u00f3n en Kabul tras la llegada de los talib\u00e1n a la capital afgana, unas 88.000 personas han podido salir del pa\u00eds en alguno de los vuelos internacionales que se han fletado. \u00abCada 39 minutos, un avi\u00f3n despega del aeropuerto de Kabul\u00bb, ha destacado.<\/p>\n<p>Sin embargo, y con el 31 de agosto marcado en rojo en el calendario, distintos gobiernos han asumido que no podr\u00e1n completar todas las evacuaciones requeridas. Taylor ha confirmado que hay \u00abm\u00e1s de 10.000 personas actualmente\u00bb en el Aeropuerto Internacional Hamid Karzai, seg\u00fan la cadena CNN.<\/p>\n<p>El portavoz del Pent\u00e1gono, John Kirby, ha subrayado el compromiso de Washington con los esfuerzos para sacar de Afganist\u00e1n a \u00abpoblaciones necesitadas\u00bb, si bien tambi\u00e9n ha sugerido que ser\u00e1 necesario \u00abreservar\u00bb algunos espacios en estos \u00ab\u00faltimos d\u00edas\u00bb para trasladar a los efectivos norteamericanos.<\/p>\n<p>\u00abA medida que nos acercamos al final, habr\u00e1 algunos equipos y sistemas que posiblemente nos llevemos con nosotros\u00bb, ha a\u00f1adido, para acto seguido matizar que \u00ablas vidas siempre ser\u00e1n la principal prioridad\u00bb.<\/p>\n<p>Las fuerzas de Estados Unidos han realizado ya tres operaciones con helic\u00f3ptero para trasladar al aeropuerto a personas que a\u00fan no hab\u00edan podido alcanzar las instalaciones, a las que es dif\u00edcil acceder por la multitud que se agolpa en las inmediaciones y la vigilancia que llevan a cabo los talib\u00e1n.<\/p>\n<p>Taylor ha confirmado que en el tercer operativo, llevado a cabo en la noche del martes al mi\u00e9rcoles, se traslad\u00f3 a un grupo de unas 20 personas, aunque no ha ofrecido m\u00e1s detalles sobre estos trabajos.<\/p>\n<p>&nbsp;<\/p>\n<p>Fuente: EUROPA PRESS<\/p>\n","protected":false},"excerpt":{"rendered":"<p>MADRID, (EUROPA PRESS) \u2013 &nbsp; M\u00e1s de 10.000 personas est\u00e1n <a href=\"https:\/\/sertv.gob.pa\/nacionalfm\/mas-de-10-000-personas-esperan-en-el-aeropuerto-de-kabul-a-ser-evacuadas\/\"> [&#8230;]<\/a><\/p>\n","protected":false},"author":9,"featured_media":73015,"comment_status":"closed","ping_status":"closed","sticky":false,"template":"","format":"standard","meta":{"footnotes":""},"categories":[3],"tags":[],"class_list":["post-73014","post","type-post","status-publish","format-standard","has-post-thumbnail","hentry","category-internacionales"],"_links":{"self":[{"href":"https:\/\/sertv.gob.pa\/nacionalfm\/wp-json\/wp\/v2\/posts\/73014","targetHints":{"allow":["GET"]}}],"collection":[{"href":"https:\/\/sertv.gob.pa\/nacionalfm\/wp-json\/wp\/v2\/posts"}],"about":[{"href":"https:\/\/sertv.gob.pa\/nacionalfm\/wp-json\/wp\/v2\/types\/post"}],"author":[{"embeddable":true,"href":"https:\/\/sertv.gob.pa\/nacionalfm\/wp-json\/wp\/v2\/users\/9"}],"replies":[{"embeddable":true,"href":"https:\/\/sertv.gob.pa\/nacionalfm\/wp-json\/wp\/v2\/comments?post=73014"}],"version-history":[{"count":1,"href":"https:\/\/sertv.gob.pa\/nacionalfm\/wp-json\/wp\/v2\/posts\/73014\/revisions"}],"predecessor-version":[{"id":73016,"href":"https:\/\/sertv.gob.pa\/nacionalfm\/wp-json\/wp\/v2\/posts\/73014\/revisions\/73016"}],"wp:featuredmedia":[{"embeddable":true,"href":"https:\/\/sertv.gob.pa\/nacionalfm\/wp-json\/wp\/v2\/media\/73015"}],"wp:attachment":[{"href":"https:\/\/sertv.gob.pa\/nacionalfm\/wp-json\/wp\/v2\/media?parent=73014"}],"wp:term":[{"taxonomy":"category","embeddable":true,"href":"https:\/\/sertv.gob.pa\/nacionalfm\/wp-json\/wp\/v2\/categories?post=73014"},{"taxonomy":"post_tag","embeddable":true,"href":"https:\/\/sertv.gob.pa\/nacionalfm\/wp-json\/wp\/v2\/tags?post=73014"}],"curies":[{"name":"wp","href":"https:\/\/api.w.org\/{rel}","templated":true}]}}