{"id":73017,"date":"2021-08-25T18:09:20","date_gmt":"2021-08-25T18:09:20","guid":{"rendered":"https:\/\/sertv.gob.pa\/nacionalfm\/?p=73017"},"modified":"2021-08-25T18:09:20","modified_gmt":"2021-08-25T18:09:20","slug":"mas-de-cuatro-millones-de-haitianos-dependen-de-la-ayuda-humanitaria-tras-el-terremoto","status":"publish","type":"post","link":"https:\/\/sertv.gob.pa\/nacionalfm\/mas-de-cuatro-millones-de-haitianos-dependen-de-la-ayuda-humanitaria-tras-el-terremoto\/","title":{"rendered":"M\u00e1s de cuatro millones de haitianos dependen de la ayuda humanitaria tras el terremoto"},"content":{"rendered":"<p><strong><em>MADRID, (EUROPA PRESS) \u2013<\/em><\/strong><\/p>\n<p><strong><em>\u00a0<\/em><\/strong><\/p>\n<p>M\u00e1s de cuatro millones de haitianos dependen de la ayuda humanitaria para satisfacer sus necesidades b\u00e1sicas despu\u00e9s del terremoto del pasado 14 de agosto, ha advertido este mi\u00e9rcoles la organizaci\u00f3n humanitaria Acci\u00f3n contra el Hambre.<\/p>\n<p>El se\u00edsmo, que ya ha dejado m\u00e1s de 2.200 muertos y ha destruido gran parte de los puentes y carreteras de la regi\u00f3n suroccidental del pa\u00eds, ha da\u00f1ado gravemente los sistemas de riego de los campos de arroz en la zona, \u00ablo que implica grandes p\u00e9rdidas de las cosechas\u00bb, ha asegurado la organizaci\u00f3n en un comunicado.<\/p>\n<p>\u00abHemos visto una desolaci\u00f3n total, casi todas las casas destruidas\u00bb, ha lamentado el director de Acci\u00f3n contra el Hambre en Hait\u00ed, Roseval Supreme, despu\u00e9s de visitar el sur del pa\u00eds.<\/p>\n<p>La organizaci\u00f3n advierte de que cerca de la mitad de las personas afectadas son ni\u00f1os. Tambi\u00e9n destacan el impacto que el desastre ha tenido en la salud mental de la poblaci\u00f3n.<\/p>\n<p>\u00abLos equipos de Acci\u00f3n contra el Hambre en el terreno est\u00e1n dando apoyo psicol\u00f3gico a las v\u00edctimas y al personal sanitario que est\u00e1 respondiendo a la emergencia\u00bb, han asegurado desde el grupo.<\/p>\n<p>\u00abLa poblaci\u00f3n est\u00e1 en estado de shock\u00bb, ha a\u00f1adido Supreme. \u00abVe\u00edamos a las personas en las esquinas de las carreteras, sin nada, buscando sus pertenencias entre las ruinas\u00bb, ha asegurado.<\/p>\n<p>Uno de los principales desaf\u00edos contin\u00faa siendo el acceso al agua potable, por lo que la organizaci\u00f3n ha enviado m\u00f3dulos de potabilizaci\u00f3n desde Espa\u00f1a, con capacidad para proveer a unas 4.000 personas al d\u00eda, seg\u00fan ha explicado la coordinadora del equipo de emergencias, Noelia Monge.<\/p>\n<p>A\u00fan as\u00ed, Monge advierte de que \u00aben t\u00e9rminos de agua y saneamiento la situaci\u00f3n sigue siendo cr\u00edtica\u00bb, ya que el terremoto destruy\u00f3 por completo las infraestructuras h\u00eddricas de la zona.<\/p>\n<p>&nbsp;<\/p>\n<p>Fuente: EUROPA PRESS<\/p>\n","protected":false},"excerpt":{"rendered":"<p>MADRID, (EUROPA PRESS) \u2013 \u00a0 M\u00e1s de cuatro millones de <a href=\"https:\/\/sertv.gob.pa\/nacionalfm\/mas-de-cuatro-millones-de-haitianos-dependen-de-la-ayuda-humanitaria-tras-el-terremoto\/\"> [&#8230;]<\/a><\/p>\n","protected":false},"author":9,"featured_media":73018,"comment_status":"closed","ping_status":"closed","sticky":false,"template":"","format":"standard","meta":{"footnotes":""},"categories":[3],"tags":[],"class_list":["post-73017","post","type-post","status-publish","format-standard","has-post-thumbnail","hentry","category-internacionales"],"_links":{"self":[{"href":"https:\/\/sertv.gob.pa\/nacionalfm\/wp-json\/wp\/v2\/posts\/73017","targetHints":{"allow":["GET"]}}],"collection":[{"href":"https:\/\/sertv.gob.pa\/nacionalfm\/wp-json\/wp\/v2\/posts"}],"about":[{"href":"https:\/\/sertv.gob.pa\/nacionalfm\/wp-json\/wp\/v2\/types\/post"}],"author":[{"embeddable":true,"href":"https:\/\/sertv.gob.pa\/nacionalfm\/wp-json\/wp\/v2\/users\/9"}],"replies":[{"embeddable":true,"href":"https:\/\/sertv.gob.pa\/nacionalfm\/wp-json\/wp\/v2\/comments?post=73017"}],"version-history":[{"count":1,"href":"https:\/\/sertv.gob.pa\/nacionalfm\/wp-json\/wp\/v2\/posts\/73017\/revisions"}],"predecessor-version":[{"id":73019,"href":"https:\/\/sertv.gob.pa\/nacionalfm\/wp-json\/wp\/v2\/posts\/73017\/revisions\/73019"}],"wp:featuredmedia":[{"embeddable":true,"href":"https:\/\/sertv.gob.pa\/nacionalfm\/wp-json\/wp\/v2\/media\/73018"}],"wp:attachment":[{"href":"https:\/\/sertv.gob.pa\/nacionalfm\/wp-json\/wp\/v2\/media?parent=73017"}],"wp:term":[{"taxonomy":"category","embeddable":true,"href":"https:\/\/sertv.gob.pa\/nacionalfm\/wp-json\/wp\/v2\/categories?post=73017"},{"taxonomy":"post_tag","embeddable":true,"href":"https:\/\/sertv.gob.pa\/nacionalfm\/wp-json\/wp\/v2\/tags?post=73017"}],"curies":[{"name":"wp","href":"https:\/\/api.w.org\/{rel}","templated":true}]}}