{"id":73020,"date":"2021-08-25T18:50:53","date_gmt":"2021-08-25T18:50:53","guid":{"rendered":"https:\/\/sertv.gob.pa\/nacionalfm\/?p=73020"},"modified":"2021-08-25T18:50:53","modified_gmt":"2021-08-25T18:50:53","slug":"ascienden-a-doce-los-mineros-muertos-una-explosion-en-una-galeria-en-el-centro-de-colombia","status":"publish","type":"post","link":"https:\/\/sertv.gob.pa\/nacionalfm\/ascienden-a-doce-los-mineros-muertos-una-explosion-en-una-galeria-en-el-centro-de-colombia\/","title":{"rendered":"Ascienden a doce los mineros muertos una explosi\u00f3n en una galer\u00eda en el centro de Colombia"},"content":{"rendered":"<p><strong><em>MADRID, (EUROPA PRESS) &#8211;<\/em><\/strong><\/p>\n<p>&nbsp;<\/p>\n<p>Los mineros muertos en una explosi\u00f3n en una mina de carb\u00f3n en el c\u00e9ntrico departamento colombiano de Boyac\u00e1 han aumentado a doce, seg\u00fan ha confirmado el presidente del pa\u00eds, Iv\u00e1n Duque.<\/p>\n<p>Las autoridades han indicado que la emergencia se ha producido en la ma\u00f1ana de este martes en la mina la Carbonera del municipio de T\u00f3paga por una explosi\u00f3n de gas metano y polvo de carb\u00f3n a 500 metros de profundidad, informan medios locales.<\/p>\n<p>El incidente ha afectado a 13 trabajadores que realizaban trabajos de excavaci\u00f3n subterr\u00e1nea, de los que han fallecido doce, mientras uno ha sido rescatado herido y ha recibido asistencia m\u00e9dica, seg\u00fan ha se\u00f1alado la Agencia Nacional de Miner\u00eda (ANM).<\/p>\n<p>En un primer momento, los rescatistas han sacado del lugar e identificado a cuatro mineros, cuyos cuerpos han sido custodiados por la Fiscal\u00eda de Colombia, mientras, posteriormente, se ha notificado el fallecimiento de otros cuatro trabajadores.<\/p>\n<p>Ya a \u00faltima hora de este martes, la ANM ha informado de que el n\u00famero de mineros fallecidos ha aumentado a doce. \u00abDe los 13 trabajadores afectados por la explosi\u00f3n, el equipo de Salvamento Minero reporta una persona herida y doce trabajadores que lamentablemente fueron rescatados sin vida\u00bb, ha precisado en un comunicado.<\/p>\n<p>Por su parte, Duque ha confirmado, a trav\u00e9s de su perfil de Twitter, la cifra de fallecidos en el accidente y ha expresado su \u00absolidaridad\u00bb a las familias de las v\u00edctimas de esta \u00ablamentable tragedia\u00bb.<\/p>\n<p>El gobernador de Boyac\u00e1, Ramiro Barrag\u00e1n, ha manifestado tambi\u00e9n \u00abtristeza\u00bb por lo ocurrido, \u00abla tragedia minera m\u00e1s impactante\u00bb del departamento.<\/p>\n<p>&nbsp;<\/p>\n<p>Fuente: EUROPA PRESS<\/p>\n<p>&nbsp;<\/p>\n","protected":false},"excerpt":{"rendered":"<p>MADRID, (EUROPA PRESS) &#8211; &nbsp; Los mineros muertos en una <a href=\"https:\/\/sertv.gob.pa\/nacionalfm\/ascienden-a-doce-los-mineros-muertos-una-explosion-en-una-galeria-en-el-centro-de-colombia\/\"> [&#8230;]<\/a><\/p>\n","protected":false},"author":9,"featured_media":73021,"comment_status":"closed","ping_status":"closed","sticky":false,"template":"","format":"standard","meta":{"footnotes":""},"categories":[3],"tags":[],"class_list":["post-73020","post","type-post","status-publish","format-standard","has-post-thumbnail","hentry","category-internacionales"],"_links":{"self":[{"href":"https:\/\/sertv.gob.pa\/nacionalfm\/wp-json\/wp\/v2\/posts\/73020","targetHints":{"allow":["GET"]}}],"collection":[{"href":"https:\/\/sertv.gob.pa\/nacionalfm\/wp-json\/wp\/v2\/posts"}],"about":[{"href":"https:\/\/sertv.gob.pa\/nacionalfm\/wp-json\/wp\/v2\/types\/post"}],"author":[{"embeddable":true,"href":"https:\/\/sertv.gob.pa\/nacionalfm\/wp-json\/wp\/v2\/users\/9"}],"replies":[{"embeddable":true,"href":"https:\/\/sertv.gob.pa\/nacionalfm\/wp-json\/wp\/v2\/comments?post=73020"}],"version-history":[{"count":1,"href":"https:\/\/sertv.gob.pa\/nacionalfm\/wp-json\/wp\/v2\/posts\/73020\/revisions"}],"predecessor-version":[{"id":73025,"href":"https:\/\/sertv.gob.pa\/nacionalfm\/wp-json\/wp\/v2\/posts\/73020\/revisions\/73025"}],"wp:featuredmedia":[{"embeddable":true,"href":"https:\/\/sertv.gob.pa\/nacionalfm\/wp-json\/wp\/v2\/media\/73021"}],"wp:attachment":[{"href":"https:\/\/sertv.gob.pa\/nacionalfm\/wp-json\/wp\/v2\/media?parent=73020"}],"wp:term":[{"taxonomy":"category","embeddable":true,"href":"https:\/\/sertv.gob.pa\/nacionalfm\/wp-json\/wp\/v2\/categories?post=73020"},{"taxonomy":"post_tag","embeddable":true,"href":"https:\/\/sertv.gob.pa\/nacionalfm\/wp-json\/wp\/v2\/tags?post=73020"}],"curies":[{"name":"wp","href":"https:\/\/api.w.org\/{rel}","templated":true}]}}