{"id":73064,"date":"2021-08-26T17:38:20","date_gmt":"2021-08-26T17:38:20","guid":{"rendered":"https:\/\/sertv.gob.pa\/nacionalfm\/?p=73064"},"modified":"2021-08-26T17:38:20","modified_gmt":"2021-08-26T17:38:20","slug":"mas-de-una-decena-de-muertos-por-un-atentado-junto-al-aeropuerto-de-kabul","status":"publish","type":"post","link":"https:\/\/sertv.gob.pa\/nacionalfm\/mas-de-una-decena-de-muertos-por-un-atentado-junto-al-aeropuerto-de-kabul\/","title":{"rendered":"M\u00e1s de una decena de muertos por un atentado junto al aeropuerto de Kabul"},"content":{"rendered":"<p>MADRID, (EUROPA PRESS) &#8211;<\/p>\n<p>&nbsp;<\/p>\n<p>Al menos once personas han muerto por una explosi\u00f3n registrada este jueves junto al aeropuerto de Kabul y atribuida supuestamente a un terrorista suicida, seg\u00fan fuentes talib\u00e1n citadas por la cadena brit\u00e1nica BBC y la qatar\u00ed Al Yazira, sin que por ahora haya un balance oficial.<\/p>\n<p>El Departamento de Defensa de Estados Unidos ha confirmado a trav\u00e9s de su portavoz, John Kirby, que la explosi\u00f3n, ocurrida en la zona de la Abbey Gate, \u00abha provocado un n\u00famero desconocido de v\u00edctimas\u00bb.<\/p>\n<p>Un portavoz talib\u00e1n ha asegurado que hay once v\u00edctimas mortales, entre las cuales habr\u00eda ni\u00f1os, mientras que medios locales como Pajhwok o Ariana hablan ya de \u00abdecenas\u00bb de heridos. Los medios locales han difundido im\u00e1genes de los instantes posteriores al ataque, con civiles transportando a personas que habr\u00edan resultado heridas<\/p>\n<p>Las primeras hip\u00f3tesis apuntan a un atentado suicida, seg\u00fan fuentes consultadas por las cadenas CNN y Al Arabiya, si bien fuentes locales hablan tambi\u00e9n de posibles disparos en las inmediaciones de la Abbey Gate, uno de los puntos de acceso clave al aer\u00f3dromo durante el proceso de evacuaciones iniciado hace una semana y media.<\/p>\n<p>Al menos tres militares de Estados Unidos figuran entre los heridos, seg\u00fan fuentes citadas por Fox News. El Ministerio de Defensa de Reino Unido, por su parte, no tiene constancia de que haya v\u00edctimas brit\u00e1nicas.<\/p>\n<p>La Embajada de Estados Unidos, que el mi\u00e9rcoles hab\u00eda lanzado un aviso por un posible atentado inminente, ha recomendado a sus ciudadanos que eviten dirigirse al aeropuerto y a sus puertas tras la explosi\u00f3n registrada. \u00abLos ciudadanos estadounidenses que se encuentran en Abbey Gate, East Gate o North Gate deber\u00edan marcharse inmediatamente\u00bb, ha instado.<\/p>\n<p>Por su parte, el embajador franc\u00e9s en Kabul, David Martinon, ha aconsejado a los \u00abamigos afganos\u00bb que se encuentran en las proximidades de la entrada del aeropuerto que se alejen con urgencia y busquen cobijo ya que \u00abes posible una segunda explosi\u00f3n\u00bb, ha escrito en su Twitter.<\/p>\n<p>Los talib\u00e1n advirtieron esta semana de que no facilitar\u00edan la llegada al aer\u00f3dromo de ning\u00fan ciudadano afgano y tambi\u00e9n exhortaron a la poblaci\u00f3n a abandonar la zona, aludiendo igualmente a razones de seguridad.<\/p>\n<p><strong>ESTADO ISL\u00c1MICO PROVINCIA DE JORAS\u00c1N<\/strong><\/p>\n<p>Con los talib\u00e1n ya pr\u00e1cticamente al mando del pa\u00eds, la principal amenaza ahora deriva de Estado Isl\u00e1mico, que se hace llamar en Afganist\u00e1n Estado Isl\u00e1mico Provincia de Joras\u00e1n. El nombre alude a una regi\u00f3n hist\u00f3rica que a d\u00eda de hoy se reparte entre Afganist\u00e1n y Pakist\u00e1n y su objetivo es compartido con otras organizaciones afines: imponer una estricto r\u00e9gimen bajo la &#8216;sharia&#8217; o ley isl\u00e1mica.<\/p>\n<p>El grupo, surgido en enero de 2015, se nutre de una amalgama de talib\u00e1n afganos y paquistan\u00edes. Sus doctrinas son incluso m\u00e1s duras que las de los talib\u00e1n, a los que consideran herejes y a quienes recriminaron el acuerdo de paz sellado en febrero de 2020 con el entonces Gobierno de Estados Unidos, encabezado por el presidente Donald Trump, punto de partida del repliegue extranjero.<\/p>\n<p>En los \u00faltimos a\u00f1os, Estado Isl\u00e1mico Provincia de Joras\u00e1n ha sufrido varias derrotas militares y la detenci\u00f3n de algunos de sus principales l\u00edderes, pero ha terminado creciendo al albor del caos en que se ha visto sumido Afganist\u00e1n y ha seguido perpetrando atentados, tambi\u00e9n en Kabul. Entre sus objetivos figuran autoridades locales y fuerzas extranjeras.<\/p>\n<p>&nbsp;<\/p>\n<p>Fuente: EUROPA PRESS<\/p>\n","protected":false},"excerpt":{"rendered":"<p>MADRID, (EUROPA PRESS) &#8211; &nbsp; Al menos once personas han <a href=\"https:\/\/sertv.gob.pa\/nacionalfm\/mas-de-una-decena-de-muertos-por-un-atentado-junto-al-aeropuerto-de-kabul\/\"> [&#8230;]<\/a><\/p>\n","protected":false},"author":9,"featured_media":73065,"comment_status":"closed","ping_status":"closed","sticky":false,"template":"","format":"standard","meta":{"footnotes":""},"categories":[3],"tags":[],"class_list":["post-73064","post","type-post","status-publish","format-standard","has-post-thumbnail","hentry","category-internacionales"],"_links":{"self":[{"href":"https:\/\/sertv.gob.pa\/nacionalfm\/wp-json\/wp\/v2\/posts\/73064","targetHints":{"allow":["GET"]}}],"collection":[{"href":"https:\/\/sertv.gob.pa\/nacionalfm\/wp-json\/wp\/v2\/posts"}],"about":[{"href":"https:\/\/sertv.gob.pa\/nacionalfm\/wp-json\/wp\/v2\/types\/post"}],"author":[{"embeddable":true,"href":"https:\/\/sertv.gob.pa\/nacionalfm\/wp-json\/wp\/v2\/users\/9"}],"replies":[{"embeddable":true,"href":"https:\/\/sertv.gob.pa\/nacionalfm\/wp-json\/wp\/v2\/comments?post=73064"}],"version-history":[{"count":1,"href":"https:\/\/sertv.gob.pa\/nacionalfm\/wp-json\/wp\/v2\/posts\/73064\/revisions"}],"predecessor-version":[{"id":73066,"href":"https:\/\/sertv.gob.pa\/nacionalfm\/wp-json\/wp\/v2\/posts\/73064\/revisions\/73066"}],"wp:featuredmedia":[{"embeddable":true,"href":"https:\/\/sertv.gob.pa\/nacionalfm\/wp-json\/wp\/v2\/media\/73065"}],"wp:attachment":[{"href":"https:\/\/sertv.gob.pa\/nacionalfm\/wp-json\/wp\/v2\/media?parent=73064"}],"wp:term":[{"taxonomy":"category","embeddable":true,"href":"https:\/\/sertv.gob.pa\/nacionalfm\/wp-json\/wp\/v2\/categories?post=73064"},{"taxonomy":"post_tag","embeddable":true,"href":"https:\/\/sertv.gob.pa\/nacionalfm\/wp-json\/wp\/v2\/tags?post=73064"}],"curies":[{"name":"wp","href":"https:\/\/api.w.org\/{rel}","templated":true}]}}