{"id":73067,"date":"2021-08-26T17:55:20","date_gmt":"2021-08-26T17:55:20","guid":{"rendered":"https:\/\/sertv.gob.pa\/nacionalfm\/?p=73067"},"modified":"2021-08-26T17:55:20","modified_gmt":"2021-08-26T17:55:20","slug":"la-otan-condena-el-atentado-de-kabul-y-dice-que-su-prioridad-es-continuar-con-la-evacuacion","status":"publish","type":"post","link":"https:\/\/sertv.gob.pa\/nacionalfm\/la-otan-condena-el-atentado-de-kabul-y-dice-que-su-prioridad-es-continuar-con-la-evacuacion\/","title":{"rendered":"La OTAN condena el atentado de Kabul y dice que su prioridad es continuar con la evacuaci\u00f3n"},"content":{"rendered":"<p><strong><em>BRUSELAS, (EUROPA PRESS) \u2013<\/em><\/strong><\/p>\n<p>&nbsp;<\/p>\n<p>El secretario general de la OTAN, Jens Stoltenberg, ha condenado el \u00abhorrible\u00bb atentado terrorista perpetrado este jueves en las puertas del aeropuerto de Kabul y ha asegurado que la \u00abprioridad\u00bb de la alianza sigue siendo \u00abevacuar a la mayor cantidad de personas a un lugar seguro lo antes posible\u00bb.<\/p>\n<p>\u00abCondeno firmemente el horrible ataque terrorista fuera del aeropuerto de Kabul. Mis pensamientos est\u00e1n con todas las v\u00edctimas y sus seres queridos\u00bb, ha escrito el noruego en un mensaje publicado en la red social Twitter.<\/p>\n<p>\u00abNuestra prioridad sigue siendo evacuar a la mayor cantidad de personas a un lugar seguro lo antes posible\u00bb, ha a\u00f1adido el secretario general de la Alianza Atl\u00e1ntica.<\/p>\n<p>M\u00e1s de una decena de personas han muerto &#8211;seg\u00fan fuentes talib\u00e1n citadas por la BBC&#8211; por una explosi\u00f3n de este jueves junto al aeropuerto de Kabul y atribuida supuestamente a un terrorista suicida, en el marco de un \u00abcomplejo ataque\u00bb en el que, seg\u00fan el Departamento de Defensa de Estados Unidos, tambi\u00e9n se ha registrado una segunda explosi\u00f3n en un hotel cercano.<\/p>\n<p>Las primeras hip\u00f3tesis apuntan a un atentado suicida, seg\u00fan fuentes consultadas por las cadenas CNN y Al Arabiya, si bien fuentes locales hablan tambi\u00e9n de posibles disparos en las inmediaciones de la Abbey Gate, uno de los puntos de acceso clave al aer\u00f3dromo durante el proceso de evacuaciones iniciado hace una semana y media.<\/p>\n<p>Al menos tres militares de Estados Unidos figuran entre los heridos, seg\u00fan fuentes citadas por Fox News. El Gobierno de Reino Unido, por su parte, no tiene constancia de que haya v\u00edctimas brit\u00e1nicas, al igual que tambi\u00e9n ha descartado bajas el Ministerio de Defensa espa\u00f1ol.<\/p>\n<p>&nbsp;<\/p>\n<p>Fuente: EUROPA PRESS<\/p>\n","protected":false},"excerpt":{"rendered":"<p>BRUSELAS, (EUROPA PRESS) \u2013 &nbsp; El secretario general de la <a href=\"https:\/\/sertv.gob.pa\/nacionalfm\/la-otan-condena-el-atentado-de-kabul-y-dice-que-su-prioridad-es-continuar-con-la-evacuacion\/\"> [&#8230;]<\/a><\/p>\n","protected":false},"author":9,"featured_media":73068,"comment_status":"closed","ping_status":"closed","sticky":false,"template":"","format":"standard","meta":{"footnotes":""},"categories":[3],"tags":[],"class_list":["post-73067","post","type-post","status-publish","format-standard","has-post-thumbnail","hentry","category-internacionales"],"_links":{"self":[{"href":"https:\/\/sertv.gob.pa\/nacionalfm\/wp-json\/wp\/v2\/posts\/73067","targetHints":{"allow":["GET"]}}],"collection":[{"href":"https:\/\/sertv.gob.pa\/nacionalfm\/wp-json\/wp\/v2\/posts"}],"about":[{"href":"https:\/\/sertv.gob.pa\/nacionalfm\/wp-json\/wp\/v2\/types\/post"}],"author":[{"embeddable":true,"href":"https:\/\/sertv.gob.pa\/nacionalfm\/wp-json\/wp\/v2\/users\/9"}],"replies":[{"embeddable":true,"href":"https:\/\/sertv.gob.pa\/nacionalfm\/wp-json\/wp\/v2\/comments?post=73067"}],"version-history":[{"count":1,"href":"https:\/\/sertv.gob.pa\/nacionalfm\/wp-json\/wp\/v2\/posts\/73067\/revisions"}],"predecessor-version":[{"id":73069,"href":"https:\/\/sertv.gob.pa\/nacionalfm\/wp-json\/wp\/v2\/posts\/73067\/revisions\/73069"}],"wp:featuredmedia":[{"embeddable":true,"href":"https:\/\/sertv.gob.pa\/nacionalfm\/wp-json\/wp\/v2\/media\/73068"}],"wp:attachment":[{"href":"https:\/\/sertv.gob.pa\/nacionalfm\/wp-json\/wp\/v2\/media?parent=73067"}],"wp:term":[{"taxonomy":"category","embeddable":true,"href":"https:\/\/sertv.gob.pa\/nacionalfm\/wp-json\/wp\/v2\/categories?post=73067"},{"taxonomy":"post_tag","embeddable":true,"href":"https:\/\/sertv.gob.pa\/nacionalfm\/wp-json\/wp\/v2\/tags?post=73067"}],"curies":[{"name":"wp","href":"https:\/\/api.w.org\/{rel}","templated":true}]}}