{"id":73123,"date":"2021-08-27T17:03:56","date_gmt":"2021-08-27T17:03:56","guid":{"rendered":"https:\/\/sertv.gob.pa\/nacionalfm\/?p=73123"},"modified":"2021-08-27T17:06:18","modified_gmt":"2021-08-27T17:06:18","slug":"al-menos-17-muertos-en-el-incendio-de-una-planta-quimica-en-pakistan","status":"publish","type":"post","link":"https:\/\/sertv.gob.pa\/nacionalfm\/al-menos-17-muertos-en-el-incendio-de-una-planta-quimica-en-pakistan\/","title":{"rendered":"Al menos 17 muertos en el incendio de una planta qu\u00edmica en Pakist\u00e1n"},"content":{"rendered":"<p><strong><em>MADRID, (EUROPA PRESS) \u2013<\/em><\/strong><\/p>\n<p><strong><em>\u00a0<\/em><\/strong><\/p>\n<p>Al menos 17 personas han muerto en el incendio de una planta qu\u00edmica en Karachi, Pakist\u00e1n, seg\u00fan la cadena de televisi\u00f3n paquistan\u00ed Geo TV, que cita fuentes gubernamentales.<\/p>\n<p>Todav\u00eda no est\u00e1 claro qu\u00e9 ha provocado el fuego, que se desat\u00f3 esta ma\u00f1ana en una f\u00e1brica de la localidad de Korangi, en el distrito este de Karachi. Las autoridades ya han iniciado una investigaci\u00f3n para esclarecer lo sucedido.<\/p>\n<p>Los servicios de Emergencia temen que el n\u00famero de fallecidos pueda aumentar en las \u00faltimas horas dado que todav\u00eda quedan al menos siete personas atrapadas el edificio.<\/p>\n<p>De hecho, los responsables de rescate han pedido maquinaria pesada para derribar parte de la f\u00e1brica en medio de grandes dificultades para contener las llamas, informan fuentes de Emergencias a la cadena paquistan\u00ed Geo TV. Diez de los fallecidos han sido trasladados al hospital de Yin\u00e1 para su identificaci\u00f3n, seg\u00fan las mismas fuentes.<\/p>\n<p>Varios testigos habr\u00edan acusado a los equipos de bomberos de llegar tarde al lugar del incendio, aunque un portavoz gubernamental ha asegurado que los equipos llegaron apenas un minuto despu\u00e9s de declararse el fuego, poco despu\u00e9s de las 10.00 horas (hora local).<\/p>\n<p>En Karachi abundan las f\u00e1bricas ilegales, instaladas en \u00e1reas residenciales donde no se permiten este tipo de edificaciones. Es la misma regi\u00f3n donde, en 2012, murieron 250 trabajdores en el incendio de una f\u00e1brica de textiles que suministraba a cadenas globales como KiK. La empresa alemana accedi\u00f3 en 2018 a pagar un estipendio anual a las familias de las v\u00edctimas.<\/p>\n<p>&nbsp;<\/p>\n<p>Fuente: EUROPA PRESS<\/p>\n","protected":false},"excerpt":{"rendered":"<p>MADRID, (EUROPA PRESS) \u2013 \u00a0 Al menos 17 personas han <a href=\"https:\/\/sertv.gob.pa\/nacionalfm\/al-menos-17-muertos-en-el-incendio-de-una-planta-quimica-en-pakistan\/\"> [&#8230;]<\/a><\/p>\n","protected":false},"author":9,"featured_media":73124,"comment_status":"closed","ping_status":"closed","sticky":false,"template":"","format":"standard","meta":{"footnotes":""},"categories":[3],"tags":[],"class_list":["post-73123","post","type-post","status-publish","format-standard","has-post-thumbnail","hentry","category-internacionales"],"_links":{"self":[{"href":"https:\/\/sertv.gob.pa\/nacionalfm\/wp-json\/wp\/v2\/posts\/73123","targetHints":{"allow":["GET"]}}],"collection":[{"href":"https:\/\/sertv.gob.pa\/nacionalfm\/wp-json\/wp\/v2\/posts"}],"about":[{"href":"https:\/\/sertv.gob.pa\/nacionalfm\/wp-json\/wp\/v2\/types\/post"}],"author":[{"embeddable":true,"href":"https:\/\/sertv.gob.pa\/nacionalfm\/wp-json\/wp\/v2\/users\/9"}],"replies":[{"embeddable":true,"href":"https:\/\/sertv.gob.pa\/nacionalfm\/wp-json\/wp\/v2\/comments?post=73123"}],"version-history":[{"count":1,"href":"https:\/\/sertv.gob.pa\/nacionalfm\/wp-json\/wp\/v2\/posts\/73123\/revisions"}],"predecessor-version":[{"id":73125,"href":"https:\/\/sertv.gob.pa\/nacionalfm\/wp-json\/wp\/v2\/posts\/73123\/revisions\/73125"}],"wp:featuredmedia":[{"embeddable":true,"href":"https:\/\/sertv.gob.pa\/nacionalfm\/wp-json\/wp\/v2\/media\/73124"}],"wp:attachment":[{"href":"https:\/\/sertv.gob.pa\/nacionalfm\/wp-json\/wp\/v2\/media?parent=73123"}],"wp:term":[{"taxonomy":"category","embeddable":true,"href":"https:\/\/sertv.gob.pa\/nacionalfm\/wp-json\/wp\/v2\/categories?post=73123"},{"taxonomy":"post_tag","embeddable":true,"href":"https:\/\/sertv.gob.pa\/nacionalfm\/wp-json\/wp\/v2\/tags?post=73123"}],"curies":[{"name":"wp","href":"https:\/\/api.w.org\/{rel}","templated":true}]}}