{"id":73126,"date":"2021-08-27T17:14:39","date_gmt":"2021-08-27T17:14:39","guid":{"rendered":"https:\/\/sertv.gob.pa\/nacionalfm\/?p=73126"},"modified":"2021-08-27T17:14:39","modified_gmt":"2021-08-27T17:14:39","slug":"bolsonaro-defiende-la-tenencia-de-armas-todo-el-mundo-tiene-que-comprar-un-fusil","status":"publish","type":"post","link":"https:\/\/sertv.gob.pa\/nacionalfm\/bolsonaro-defiende-la-tenencia-de-armas-todo-el-mundo-tiene-que-comprar-un-fusil\/","title":{"rendered":"Bolsonaro defiende la tenencia de armas: \u00abTodo el mundo tiene que comprar un fusil\u00bb"},"content":{"rendered":"<p><strong><em>MADRID, (EUROPA PRESS) \u2013<\/em><\/strong><\/p>\n<p><strong><em>\u00a0<\/em><\/strong><\/p>\n<p>El presidente de Brasil, Jair Bolsonaro, ha abogado este viernes por que \u00abtodo el mundo\u00bb compre un fusil en el gigante sudamericano como garant\u00eda de seguridad, llamando incluso \u00abidiota\u00bb a una persona que le exhortaba a comprar legumbres en vez de armas.<\/p>\n<p>Bolsonaro lleg\u00f3 a la Presidencia brasile\u00f1a con un claro mensaje en favor de facilitar el acceso a las armas, algo que ha intentado hacer a golpe de decreto. En diciembre, seg\u00fan el Foro Brasile\u00f1o de Seguridad P\u00fablica, el pa\u00eds ten\u00eda registradas ya m\u00e1s de 2 millones de armas privadas y el mandatario quiere que el dato se quintuplique, como defendi\u00f3 el jueves ante un grupo de simpatizantes.<\/p>\n<p>Interrogado este viernes ante el palacio presidencial por posibles medidas a este respecto, ha sentenciado: \u00abTodo el mundo tiene que comprar un fusil. La gente armada nunca ser\u00e1 esclavizada\u00bb. A continuaci\u00f3n, ha aludido a un \u00abidiota\u00bb que le exhortaba a comprar frijoles: \u00abSi no quieres comprar un rifle, no molestes a quien quiera comprarlo\u00bb, seg\u00fan el portal G1.<\/p>\n<p>El mandatario ya denunci\u00f3 el jueves un doble rasero, asegurando que \u00abcuanta m\u00e1s gente est\u00e9 armada, mejor\u00bb. Seg\u00fan \u00e9l, cuando los delincuentes portaban armas autom\u00e1ticas en R\u00edo de Janeiro, \u00abla prensa no dec\u00eda nada, estaba bien\u00bb, pero ahora que \u00abel buen ciudadano est\u00e1 comprando armas\u00bb, arrecian las cr\u00edticas, informa el &#8216;Correo Braziliense&#8217;.<\/p>\n<p>&nbsp;<\/p>\n<p>Fuente: EUROPA PRESS<\/p>\n","protected":false},"excerpt":{"rendered":"<p>MADRID, (EUROPA PRESS) \u2013 \u00a0 El presidente de Brasil, Jair <a href=\"https:\/\/sertv.gob.pa\/nacionalfm\/bolsonaro-defiende-la-tenencia-de-armas-todo-el-mundo-tiene-que-comprar-un-fusil\/\"> [&#8230;]<\/a><\/p>\n","protected":false},"author":9,"featured_media":73127,"comment_status":"closed","ping_status":"closed","sticky":false,"template":"","format":"standard","meta":{"footnotes":""},"categories":[3],"tags":[],"class_list":["post-73126","post","type-post","status-publish","format-standard","has-post-thumbnail","hentry","category-internacionales"],"_links":{"self":[{"href":"https:\/\/sertv.gob.pa\/nacionalfm\/wp-json\/wp\/v2\/posts\/73126","targetHints":{"allow":["GET"]}}],"collection":[{"href":"https:\/\/sertv.gob.pa\/nacionalfm\/wp-json\/wp\/v2\/posts"}],"about":[{"href":"https:\/\/sertv.gob.pa\/nacionalfm\/wp-json\/wp\/v2\/types\/post"}],"author":[{"embeddable":true,"href":"https:\/\/sertv.gob.pa\/nacionalfm\/wp-json\/wp\/v2\/users\/9"}],"replies":[{"embeddable":true,"href":"https:\/\/sertv.gob.pa\/nacionalfm\/wp-json\/wp\/v2\/comments?post=73126"}],"version-history":[{"count":1,"href":"https:\/\/sertv.gob.pa\/nacionalfm\/wp-json\/wp\/v2\/posts\/73126\/revisions"}],"predecessor-version":[{"id":73128,"href":"https:\/\/sertv.gob.pa\/nacionalfm\/wp-json\/wp\/v2\/posts\/73126\/revisions\/73128"}],"wp:featuredmedia":[{"embeddable":true,"href":"https:\/\/sertv.gob.pa\/nacionalfm\/wp-json\/wp\/v2\/media\/73127"}],"wp:attachment":[{"href":"https:\/\/sertv.gob.pa\/nacionalfm\/wp-json\/wp\/v2\/media?parent=73126"}],"wp:term":[{"taxonomy":"category","embeddable":true,"href":"https:\/\/sertv.gob.pa\/nacionalfm\/wp-json\/wp\/v2\/categories?post=73126"},{"taxonomy":"post_tag","embeddable":true,"href":"https:\/\/sertv.gob.pa\/nacionalfm\/wp-json\/wp\/v2\/tags?post=73126"}],"curies":[{"name":"wp","href":"https:\/\/api.w.org\/{rel}","templated":true}]}}