{"id":73129,"date":"2021-08-27T18:00:53","date_gmt":"2021-08-27T18:00:53","guid":{"rendered":"https:\/\/sertv.gob.pa\/nacionalfm\/?p=73129"},"modified":"2021-08-27T18:00:53","modified_gmt":"2021-08-27T18:00:53","slug":"aumentan-a-170-los-fallecidos-por-el-atentado-de-estado-islamico-en-el-aeropuerto-de-kabul","status":"publish","type":"post","link":"https:\/\/sertv.gob.pa\/nacionalfm\/aumentan-a-170-los-fallecidos-por-el-atentado-de-estado-islamico-en-el-aeropuerto-de-kabul\/","title":{"rendered":"Aumentan a 170 los fallecidos por el atentado de Estado Isl\u00e1mico en el aeropuerto de Kabul"},"content":{"rendered":"<p><strong>\u00a0<\/strong><\/p>\n<p><strong><em>MADRID, (EUROPA PRESS) \u2013<\/em><\/strong><\/p>\n<p><strong><em>\u00a0<\/em><\/strong><\/p>\n<p>Al menos 170 personas han muerto, entre ellas 13 militares norteamericanos, y m\u00e1s de 200 han resultado heridas en el atentado perpetrado por Estado Isl\u00e1mico el jueves durante las evacuaciones en el aeropuerto de Kabul, seg\u00fan ha informado la cadena CNN, que cita fuentes del Ministerio de Salud afgano.<\/p>\n<p>La cadena Al Yazira ha recibido informaciones de que los militares estadounidenses que est\u00e1n contribuyendo a las tareas de la evacuaci\u00f3n, ya en sus \u00faltimos d\u00edas antes de la retirada final el 31 de agosto, se est\u00e1n preparando ante la posibilidad de nuevos atentados en medio de las ca\u00f3ticas extracciones.<\/p>\n<p>De momento, cientos de personas han vuelto un d\u00eda m\u00e1s a aglutinarse en el aeropuerto de la capital de Afganist\u00e1n, Kabul, en busca de una salida del pa\u00eds a pesar del p\u00e1nico provocado por el doble atentado.<\/p>\n<p>De acuerdo con el portal afgano Ariana, la puerta de Abbey Gate, epicentro de los atentados, permanece vac\u00eda de gente, que en cambio permanece concentrada en las inmediaciones de la instalaci\u00f3n aeroportuaria, seg\u00fan las im\u00e1genes captadas por la cadena Tolo News.<\/p>\n<p>&nbsp;<\/p>\n<p>Fuente: EUROPA PRESS<\/p>\n","protected":false},"excerpt":{"rendered":"<p>\u00a0 MADRID, (EUROPA PRESS) \u2013 \u00a0 Al menos 170 personas <a href=\"https:\/\/sertv.gob.pa\/nacionalfm\/aumentan-a-170-los-fallecidos-por-el-atentado-de-estado-islamico-en-el-aeropuerto-de-kabul\/\"> [&#8230;]<\/a><\/p>\n","protected":false},"author":9,"featured_media":73130,"comment_status":"closed","ping_status":"closed","sticky":false,"template":"","format":"standard","meta":{"footnotes":""},"categories":[3],"tags":[],"class_list":["post-73129","post","type-post","status-publish","format-standard","has-post-thumbnail","hentry","category-internacionales"],"_links":{"self":[{"href":"https:\/\/sertv.gob.pa\/nacionalfm\/wp-json\/wp\/v2\/posts\/73129","targetHints":{"allow":["GET"]}}],"collection":[{"href":"https:\/\/sertv.gob.pa\/nacionalfm\/wp-json\/wp\/v2\/posts"}],"about":[{"href":"https:\/\/sertv.gob.pa\/nacionalfm\/wp-json\/wp\/v2\/types\/post"}],"author":[{"embeddable":true,"href":"https:\/\/sertv.gob.pa\/nacionalfm\/wp-json\/wp\/v2\/users\/9"}],"replies":[{"embeddable":true,"href":"https:\/\/sertv.gob.pa\/nacionalfm\/wp-json\/wp\/v2\/comments?post=73129"}],"version-history":[{"count":1,"href":"https:\/\/sertv.gob.pa\/nacionalfm\/wp-json\/wp\/v2\/posts\/73129\/revisions"}],"predecessor-version":[{"id":73131,"href":"https:\/\/sertv.gob.pa\/nacionalfm\/wp-json\/wp\/v2\/posts\/73129\/revisions\/73131"}],"wp:featuredmedia":[{"embeddable":true,"href":"https:\/\/sertv.gob.pa\/nacionalfm\/wp-json\/wp\/v2\/media\/73130"}],"wp:attachment":[{"href":"https:\/\/sertv.gob.pa\/nacionalfm\/wp-json\/wp\/v2\/media?parent=73129"}],"wp:term":[{"taxonomy":"category","embeddable":true,"href":"https:\/\/sertv.gob.pa\/nacionalfm\/wp-json\/wp\/v2\/categories?post=73129"},{"taxonomy":"post_tag","embeddable":true,"href":"https:\/\/sertv.gob.pa\/nacionalfm\/wp-json\/wp\/v2\/tags?post=73129"}],"curies":[{"name":"wp","href":"https:\/\/api.w.org\/{rel}","templated":true}]}}