{"id":73183,"date":"2021-08-30T19:50:59","date_gmt":"2021-08-30T19:50:59","guid":{"rendered":"https:\/\/sertv.gob.pa\/nacionalfm\/?p=73183"},"modified":"2021-08-30T19:50:59","modified_gmt":"2021-08-30T19:50:59","slug":"ida-pierde-la-categoria-de-huracan-tras-adentrarse-en-el-sur-de-estados-unidos","status":"publish","type":"post","link":"https:\/\/sertv.gob.pa\/nacionalfm\/ida-pierde-la-categoria-de-huracan-tras-adentrarse-en-el-sur-de-estados-unidos\/","title":{"rendered":"&#8216;Ida&#8217; pierde la categor\u00eda de hurac\u00e1n tras adentrarse en el sur de Estados Unidos"},"content":{"rendered":"<p><strong><em>MADRID, (EUROPA PRESS) \u2013<\/em><\/strong><\/p>\n<p><strong><em>\u00a0<\/em><\/strong><\/p>\n<p>El ciclon &#8216;Ida&#8217; ha perdido este lunes la categor\u00eda de hurac\u00e1n y avanza ya por el sur de Estados Unidos como una tormenta tropical, con previsiones de que su amenaza se vaya disipando progresivamente tras causar al menos un muerto en Luisiana y cortes del suministro el\u00e9ctrico en al menos un mill\u00f3n de casas y negocios.<\/p>\n<p>El Centro Nacional de Huracanes (CNH) de Estados Unidos ha informado de que &#8216;Ida&#8217; avanza con vientos m\u00e1ximos sostenidos de 95 kil\u00f3metros por hora en la zona suroeste de Misisipi, si bien a\u00fan tiene el potencial de provocar graves destrozos e inundaciones antes de extinguirse por completo.<\/p>\n<p>Los meteor\u00f3logos anticipan un \u00abr\u00e1pido\u00bb debilitamiento del cicl\u00f3n, hasta el punto de que este mismo lunes por la tarde &#8216;Ida&#8217; podr\u00eda ser ya una depresi\u00f3n tropical, seg\u00fan el informe del CNH publicado este lunes de madrugada.<\/p>\n<p>Al menos una persona, un hombre de 60 a\u00f1os, muri\u00f3 tras la ca\u00edda de un \u00e1rbol sobre su vivienda en Ascensi\u00f3n, si bien las autoridades temen que pueda haber riesgo para la vida en otras, informa NBC News. En el condado de Jefferson, las autoridades advirtieron de un \u00abpeligro inminente\u00bb para m\u00e1s de 200 vecinos por la presi\u00f3n sobre un dique.<\/p>\n<p>&nbsp;<\/p>\n<p>Fuente: EUROPA PRESS<\/p>\n","protected":false},"excerpt":{"rendered":"<p>MADRID, (EUROPA PRESS) \u2013 \u00a0 El ciclon &#8216;Ida&#8217; ha perdido <a href=\"https:\/\/sertv.gob.pa\/nacionalfm\/ida-pierde-la-categoria-de-huracan-tras-adentrarse-en-el-sur-de-estados-unidos\/\"> [&#8230;]<\/a><\/p>\n","protected":false},"author":9,"featured_media":73184,"comment_status":"closed","ping_status":"closed","sticky":false,"template":"","format":"standard","meta":{"footnotes":""},"categories":[3],"tags":[],"class_list":["post-73183","post","type-post","status-publish","format-standard","has-post-thumbnail","hentry","category-internacionales"],"_links":{"self":[{"href":"https:\/\/sertv.gob.pa\/nacionalfm\/wp-json\/wp\/v2\/posts\/73183","targetHints":{"allow":["GET"]}}],"collection":[{"href":"https:\/\/sertv.gob.pa\/nacionalfm\/wp-json\/wp\/v2\/posts"}],"about":[{"href":"https:\/\/sertv.gob.pa\/nacionalfm\/wp-json\/wp\/v2\/types\/post"}],"author":[{"embeddable":true,"href":"https:\/\/sertv.gob.pa\/nacionalfm\/wp-json\/wp\/v2\/users\/9"}],"replies":[{"embeddable":true,"href":"https:\/\/sertv.gob.pa\/nacionalfm\/wp-json\/wp\/v2\/comments?post=73183"}],"version-history":[{"count":1,"href":"https:\/\/sertv.gob.pa\/nacionalfm\/wp-json\/wp\/v2\/posts\/73183\/revisions"}],"predecessor-version":[{"id":73185,"href":"https:\/\/sertv.gob.pa\/nacionalfm\/wp-json\/wp\/v2\/posts\/73183\/revisions\/73185"}],"wp:featuredmedia":[{"embeddable":true,"href":"https:\/\/sertv.gob.pa\/nacionalfm\/wp-json\/wp\/v2\/media\/73184"}],"wp:attachment":[{"href":"https:\/\/sertv.gob.pa\/nacionalfm\/wp-json\/wp\/v2\/media?parent=73183"}],"wp:term":[{"taxonomy":"category","embeddable":true,"href":"https:\/\/sertv.gob.pa\/nacionalfm\/wp-json\/wp\/v2\/categories?post=73183"},{"taxonomy":"post_tag","embeddable":true,"href":"https:\/\/sertv.gob.pa\/nacionalfm\/wp-json\/wp\/v2\/tags?post=73183"}],"curies":[{"name":"wp","href":"https:\/\/api.w.org\/{rel}","templated":true}]}}