{"id":73186,"date":"2021-08-30T20:04:20","date_gmt":"2021-08-30T20:04:20","guid":{"rendered":"https:\/\/sertv.gob.pa\/nacionalfm\/?p=73186"},"modified":"2021-08-30T20:04:20","modified_gmt":"2021-08-30T20:04:20","slug":"al-menos-tres-muertos-en-un-ataque-simultaneo-a-tres-entidades-bancarias-en-la-ciudad-brasilena-de-aracatuba","status":"publish","type":"post","link":"https:\/\/sertv.gob.pa\/nacionalfm\/al-menos-tres-muertos-en-un-ataque-simultaneo-a-tres-entidades-bancarias-en-la-ciudad-brasilena-de-aracatuba\/","title":{"rendered":"Al menos tres muertos en un ataque simult\u00e1neo a tres entidades bancarias en la ciudad brasile\u00f1a de Aracatuba"},"content":{"rendered":"<p><strong><em>MADRID, (EUROPA PRESS) \u2013<\/em><\/strong><\/p>\n<p><strong><em>\u00a0<\/em><\/strong><\/p>\n<p>Al menos tres personas han muerto y otras cinco han resultado heridas en un ataque simult\u00e1neo a tres entidades bancarias en la ciudad brasile\u00f1a de Aracatuba, en el interior del estado de Sao Paulo, en el que un grupo de hombres ha utilizado explosivos para lograr cerrar el centro de la ciudad y ha utilizado como escudo humano a los vecinos de la localidad para poder escapar.<\/p>\n<p>La madrugada del lunes, un grupo todav\u00eda indeterminado de hombres accedi\u00f3 al centro de la ciudad con explosivos, que repartieron por las principales avenidas y que controlaban remotamente con sus tel\u00e9fonos m\u00f3viles, seg\u00fan &#8216;Folha de Sao Paulo&#8217;, e incendiaron diversos veh\u00edculos para retrasar el acceso de las fuerzas de seguridad al lugar donde estaban situadas las entidades.<\/p>\n<p>Por el momento, la Polic\u00eda brasile\u00f1a ha detenido a tres de los delincuentes, mientras que uno de los fallecidos pertenecer\u00eda al grupo, informa el portal de noticias UOL. Las otras dos v\u00edctimas eran civiles.<\/p>\n<p>Los v\u00eddeos que circulan por las redes sociales muestran el p\u00e1nico de los residentes, ya que los ladrones llegaron a atar a rehenes al techo de los veh\u00edculos en los que escapaban para impedir cualquier represalia por parte de las fuerzas de seguridad.<\/p>\n<p>El alcalde de la ciudad, Dilador Borges, ha pedido a los vecinos, a trav\u00e9s de un comunicado difundido en sus redes sociales, que no salgan de sus casas debido a los explosivos que todav\u00eda permanecen en algunas calles.<\/p>\n<p>Las autoridades todav\u00eda no han revelado la cantidad robada por los delincuentes, mientras que unos 380 polic\u00edas trabajan en la ciudad para detener a otros miembros del grupo e investigar el robo, indica &#8216;Folha de Sao Paulo&#8217;.<\/p>\n<p>&nbsp;<\/p>\n<p>Fuente: EUROPA PRESS<\/p>\n","protected":false},"excerpt":{"rendered":"<p>MADRID, (EUROPA PRESS) \u2013 \u00a0 Al menos tres personas han <a href=\"https:\/\/sertv.gob.pa\/nacionalfm\/al-menos-tres-muertos-en-un-ataque-simultaneo-a-tres-entidades-bancarias-en-la-ciudad-brasilena-de-aracatuba\/\"> [&#8230;]<\/a><\/p>\n","protected":false},"author":9,"featured_media":73187,"comment_status":"closed","ping_status":"closed","sticky":false,"template":"","format":"standard","meta":{"footnotes":""},"categories":[3],"tags":[],"class_list":["post-73186","post","type-post","status-publish","format-standard","has-post-thumbnail","hentry","category-internacionales"],"_links":{"self":[{"href":"https:\/\/sertv.gob.pa\/nacionalfm\/wp-json\/wp\/v2\/posts\/73186","targetHints":{"allow":["GET"]}}],"collection":[{"href":"https:\/\/sertv.gob.pa\/nacionalfm\/wp-json\/wp\/v2\/posts"}],"about":[{"href":"https:\/\/sertv.gob.pa\/nacionalfm\/wp-json\/wp\/v2\/types\/post"}],"author":[{"embeddable":true,"href":"https:\/\/sertv.gob.pa\/nacionalfm\/wp-json\/wp\/v2\/users\/9"}],"replies":[{"embeddable":true,"href":"https:\/\/sertv.gob.pa\/nacionalfm\/wp-json\/wp\/v2\/comments?post=73186"}],"version-history":[{"count":1,"href":"https:\/\/sertv.gob.pa\/nacionalfm\/wp-json\/wp\/v2\/posts\/73186\/revisions"}],"predecessor-version":[{"id":73188,"href":"https:\/\/sertv.gob.pa\/nacionalfm\/wp-json\/wp\/v2\/posts\/73186\/revisions\/73188"}],"wp:featuredmedia":[{"embeddable":true,"href":"https:\/\/sertv.gob.pa\/nacionalfm\/wp-json\/wp\/v2\/media\/73187"}],"wp:attachment":[{"href":"https:\/\/sertv.gob.pa\/nacionalfm\/wp-json\/wp\/v2\/media?parent=73186"}],"wp:term":[{"taxonomy":"category","embeddable":true,"href":"https:\/\/sertv.gob.pa\/nacionalfm\/wp-json\/wp\/v2\/categories?post=73186"},{"taxonomy":"post_tag","embeddable":true,"href":"https:\/\/sertv.gob.pa\/nacionalfm\/wp-json\/wp\/v2\/tags?post=73186"}],"curies":[{"name":"wp","href":"https:\/\/api.w.org\/{rel}","templated":true}]}}