{"id":73189,"date":"2021-08-30T20:15:30","date_gmt":"2021-08-30T20:15:30","guid":{"rendered":"https:\/\/sertv.gob.pa\/nacionalfm\/?p=73189"},"modified":"2021-08-30T20:15:30","modified_gmt":"2021-08-30T20:15:30","slug":"el-consejo-de-seguridad-de-la-onu-pide-a-los-taliban-garantizar-una-salida-segura-y-ordenada-de-afganistan","status":"publish","type":"post","link":"https:\/\/sertv.gob.pa\/nacionalfm\/el-consejo-de-seguridad-de-la-onu-pide-a-los-taliban-garantizar-una-salida-segura-y-ordenada-de-afganistan\/","title":{"rendered":"El Consejo de Seguridad de la ONU pide a los talib\u00e1n garantizar una \u00absalida segura y ordenada\u00bb de Afganist\u00e1n"},"content":{"rendered":"<p><strong><em>MADRID, (EUROPA PRESS) \u2013<\/em><\/strong><\/p>\n<p>&nbsp;<\/p>\n<p>El Consejo de Seguridad ha aprobado este lunes una resoluci\u00f3n que pide a los talib\u00e1n garantizar una \u00absalida segura y ordenada\u00bb de Afganist\u00e1n, sin mencionar la \u00abzona segura\u00bb propuesta por el presidente de Francia, Emmanuel Macron, mientras que exige un \u00abacceso pleno, seguro y sin obst\u00e1culos\u00bb para la asistencia humanitaria.<\/p>\n<p>El proyecto, presentado por Francia, Reino Unido, Estados Unidos e Irlanda, ha contado con 13 votos a favor y dos abstenciones &#8211;Rusia y de China&#8211;, y pide a los talib\u00e1n que cumplan sus compromisos para que prosigan las evacuaciones m\u00e1s all\u00e1 de la fecha l\u00edmite del 31 de agosto.<\/p>\n<p>Asimismo, seg\u00fan informa DPA, el documento solicita que Afganist\u00e1n no se convierta en un refugio para los terroristas, mientras que pide a los talib\u00e1n que respeten los derechos de mujeres, ni\u00f1os y minor\u00edas.<\/p>\n<p>Las misiones de evacuaci\u00f3n de Kabul est\u00e1n a horas de terminar, y la preocupaci\u00f3n crece sobre el futuro de las personas que no hayan podido salir del pa\u00eds pasada la fecha l\u00edmite de retirada, especialmente ante el temor de represalias por parte de los talib\u00e1n, que se hicieron con el control de la ciudad hace dos semanas.<\/p>\n<p>&nbsp;<\/p>\n<p>Fuente: EUROPA PRESS<\/p>\n","protected":false},"excerpt":{"rendered":"<p>MADRID, (EUROPA PRESS) \u2013 &nbsp; El Consejo de Seguridad ha <a href=\"https:\/\/sertv.gob.pa\/nacionalfm\/el-consejo-de-seguridad-de-la-onu-pide-a-los-taliban-garantizar-una-salida-segura-y-ordenada-de-afganistan\/\"> [&#8230;]<\/a><\/p>\n","protected":false},"author":9,"featured_media":73190,"comment_status":"closed","ping_status":"closed","sticky":false,"template":"","format":"standard","meta":{"footnotes":""},"categories":[3],"tags":[],"class_list":["post-73189","post","type-post","status-publish","format-standard","has-post-thumbnail","hentry","category-internacionales"],"_links":{"self":[{"href":"https:\/\/sertv.gob.pa\/nacionalfm\/wp-json\/wp\/v2\/posts\/73189","targetHints":{"allow":["GET"]}}],"collection":[{"href":"https:\/\/sertv.gob.pa\/nacionalfm\/wp-json\/wp\/v2\/posts"}],"about":[{"href":"https:\/\/sertv.gob.pa\/nacionalfm\/wp-json\/wp\/v2\/types\/post"}],"author":[{"embeddable":true,"href":"https:\/\/sertv.gob.pa\/nacionalfm\/wp-json\/wp\/v2\/users\/9"}],"replies":[{"embeddable":true,"href":"https:\/\/sertv.gob.pa\/nacionalfm\/wp-json\/wp\/v2\/comments?post=73189"}],"version-history":[{"count":1,"href":"https:\/\/sertv.gob.pa\/nacionalfm\/wp-json\/wp\/v2\/posts\/73189\/revisions"}],"predecessor-version":[{"id":73191,"href":"https:\/\/sertv.gob.pa\/nacionalfm\/wp-json\/wp\/v2\/posts\/73189\/revisions\/73191"}],"wp:featuredmedia":[{"embeddable":true,"href":"https:\/\/sertv.gob.pa\/nacionalfm\/wp-json\/wp\/v2\/media\/73190"}],"wp:attachment":[{"href":"https:\/\/sertv.gob.pa\/nacionalfm\/wp-json\/wp\/v2\/media?parent=73189"}],"wp:term":[{"taxonomy":"category","embeddable":true,"href":"https:\/\/sertv.gob.pa\/nacionalfm\/wp-json\/wp\/v2\/categories?post=73189"},{"taxonomy":"post_tag","embeddable":true,"href":"https:\/\/sertv.gob.pa\/nacionalfm\/wp-json\/wp\/v2\/tags?post=73189"}],"curies":[{"name":"wp","href":"https:\/\/api.w.org\/{rel}","templated":true}]}}