{"id":73230,"date":"2021-08-31T18:09:14","date_gmt":"2021-08-31T18:09:14","guid":{"rendered":"https:\/\/sertv.gob.pa\/nacionalfm\/?p=73230"},"modified":"2021-08-31T18:09:14","modified_gmt":"2021-08-31T18:09:14","slug":"los-cultivos-de-coca-en-bolivia-crecieron-un-15-por-ciento-en-2020-una-cifra-record-en-la-ultima-decada","status":"publish","type":"post","link":"https:\/\/sertv.gob.pa\/nacionalfm\/los-cultivos-de-coca-en-bolivia-crecieron-un-15-por-ciento-en-2020-una-cifra-record-en-la-ultima-decada\/","title":{"rendered":"Los cultivos de coca en Bolivia crecieron un 15 por ciento en 2020, una cifra r\u00e9cord en la \u00faltima d\u00e9cada"},"content":{"rendered":"<p><strong><em>MADRID, (EUROPA PRESS) \u2013<\/em><\/strong><\/p>\n<p><strong><em>\u00a0<\/em><\/strong><\/p>\n<p>Los cultivos de coca en Bolivia aumentaron un 15 por ciento en 2020 respecto a los datos de 2018 y 2019, lo que representa una cifra r\u00e9cord en la \u00faltima d\u00e9cada, seg\u00fan un informe de la Oficina de Naciones Unidas contra la Droga y el Delito (UNODC, por sus siglas en ingl\u00e9s) y el Gobierno de Bolivia.<\/p>\n<p>El trabajo, presentado este martes, detalla que la superficie cultivada se ha incrementado en 3.900 hect\u00e1reas, de las 25.500 constatadas en 2019 a 29.400 en 2020. En 2018, este n\u00famero era de 23.100.<\/p>\n<p>El informe, recogido por el diario local &#8216;P\u00e1gina Siete&#8217;, ha precisado que en la regi\u00f3n de los Yungas, en La Paz, el incremento ha sido de 16.296 a 18.302 hect\u00e1reas; en el Tr\u00f3pico de Cochabamba de 8.769 a 10.606; y en el norte de La Paz de 468 a 510.<\/p>\n<p>El Ejecutivo de Bolivia ha culpado a la Administraci\u00f3n de Jeanine \u00c1\u00f1ez por el fracaso en la erradicaci\u00f3n de los cultivos de coca durante 2020.<\/p>\n<p>\u00abEl Gobierno nefasto de \u00c1\u00f1ez nunca tuvo la voluntad de realizar de forma efectiva la erradicaci\u00f3n de cultivos de coca\u00bb, ha criticado el ministro de Gobierno de Bolivia, Eduardo del Castillo, que ha insistido en que la Administraci\u00f3n \u00c1\u00f1ez \u00abno cumpli\u00f3 con su responsabilidad, sus pol\u00edticas fallidas tuvieron un efecto enorme en la din\u00e1mica de los mercados de coca\u00bb.<\/p>\n<p>Del Castillo ha hecho hincapi\u00e9 en que el Ejecutivo anterior abandon\u00f3 la estrategia nacional del Movimiento Al Socialismo (MAS) para eliminar las plantaciones excedentes e incurri\u00f3 en irregularidades en las contrataciones para dotar de materiales a los encargados de la erradicaci\u00f3n, seg\u00fan ha recogido &#8216;El Deber&#8217;.<\/p>\n<p>El ministro ha trasladado que las autoridades ya han eliminado 5.300 hect\u00e1reas de las 9.000 previstas para este a\u00f1o. En este sentido ha criticado que, en el mismo per\u00edodo de 2020, apenas se destruyeron 675 hect\u00e1reas.<\/p>\n<p>La pandemia de COVID-19 oblig\u00f3 a paralizar las labores de erradicaci\u00f3n de los cultivos de coca durante 178 d\u00edas. La Ley General de la Coca de Bolivia &#8211;promulgada por el expresidente Evo Morales en 2017&#8211;, establece un l\u00edmite de 22.000 hect\u00e1reas de cultivo, 10.000 m\u00e1s que una ley anterior, la 1008, que fijaba 12.000.<\/p>\n<p>&nbsp;<\/p>\n<p>Fuente: EUROPA PRESS<\/p>\n","protected":false},"excerpt":{"rendered":"<p>MADRID, (EUROPA PRESS) \u2013 \u00a0 Los cultivos de coca en <a href=\"https:\/\/sertv.gob.pa\/nacionalfm\/los-cultivos-de-coca-en-bolivia-crecieron-un-15-por-ciento-en-2020-una-cifra-record-en-la-ultima-decada\/\"> [&#8230;]<\/a><\/p>\n","protected":false},"author":9,"featured_media":73231,"comment_status":"closed","ping_status":"closed","sticky":false,"template":"","format":"standard","meta":{"footnotes":""},"categories":[3],"tags":[],"class_list":["post-73230","post","type-post","status-publish","format-standard","has-post-thumbnail","hentry","category-internacionales"],"_links":{"self":[{"href":"https:\/\/sertv.gob.pa\/nacionalfm\/wp-json\/wp\/v2\/posts\/73230","targetHints":{"allow":["GET"]}}],"collection":[{"href":"https:\/\/sertv.gob.pa\/nacionalfm\/wp-json\/wp\/v2\/posts"}],"about":[{"href":"https:\/\/sertv.gob.pa\/nacionalfm\/wp-json\/wp\/v2\/types\/post"}],"author":[{"embeddable":true,"href":"https:\/\/sertv.gob.pa\/nacionalfm\/wp-json\/wp\/v2\/users\/9"}],"replies":[{"embeddable":true,"href":"https:\/\/sertv.gob.pa\/nacionalfm\/wp-json\/wp\/v2\/comments?post=73230"}],"version-history":[{"count":1,"href":"https:\/\/sertv.gob.pa\/nacionalfm\/wp-json\/wp\/v2\/posts\/73230\/revisions"}],"predecessor-version":[{"id":73232,"href":"https:\/\/sertv.gob.pa\/nacionalfm\/wp-json\/wp\/v2\/posts\/73230\/revisions\/73232"}],"wp:featuredmedia":[{"embeddable":true,"href":"https:\/\/sertv.gob.pa\/nacionalfm\/wp-json\/wp\/v2\/media\/73231"}],"wp:attachment":[{"href":"https:\/\/sertv.gob.pa\/nacionalfm\/wp-json\/wp\/v2\/media?parent=73230"}],"wp:term":[{"taxonomy":"category","embeddable":true,"href":"https:\/\/sertv.gob.pa\/nacionalfm\/wp-json\/wp\/v2\/categories?post=73230"},{"taxonomy":"post_tag","embeddable":true,"href":"https:\/\/sertv.gob.pa\/nacionalfm\/wp-json\/wp\/v2\/tags?post=73230"}],"curies":[{"name":"wp","href":"https:\/\/api.w.org\/{rel}","templated":true}]}}