{"id":73233,"date":"2021-08-31T18:52:35","date_gmt":"2021-08-31T18:52:35","guid":{"rendered":"https:\/\/sertv.gob.pa\/nacionalfm\/?p=73233"},"modified":"2021-08-31T18:52:35","modified_gmt":"2021-08-31T18:52:35","slug":"al-menos-21-muertos-por-la-caida-de-un-autobus-a-un-barranco-en-el-centro-de-peru","status":"publish","type":"post","link":"https:\/\/sertv.gob.pa\/nacionalfm\/al-menos-21-muertos-por-la-caida-de-un-autobus-a-un-barranco-en-el-centro-de-peru\/","title":{"rendered":"Al menos 21 muertos por la ca\u00edda de un autob\u00fas a un barranco en el centro de Per\u00fa"},"content":{"rendered":"<p>&nbsp;<\/p>\n<p><strong><em>MADRID, (EUROPA PRESS) \u2013<\/em><\/strong><\/p>\n<p><strong><em>\u00a0<\/em><\/strong><\/p>\n<p>Al menos 21 personas han muerto despu\u00e9s de que el autob\u00fas en el que viajaban se haya despe\u00f1ado este martes de madrugada unos 200 metros por un barranco en el centro de Per\u00fa, seg\u00fan un balance policial.<\/p>\n<p>El veh\u00edculo, de la empresa Le\u00f3n Express, hab\u00eda partido desde Lima rumbo a Hu\u00e1nuco, pero se ha estrellado contra un cerro y ca\u00eddo por un barranco en la Carretera Central en torno a las 4.00 (hora local). Las autoridades no han podido esclarecer en los primeros instantes las causas del siniestro, aunque investigan si el conductor se qued\u00f3 dormido.<\/p>\n<p>El jefe de la Polic\u00eda de Carreteras, Manuel Lozada Morales, ha confirmado en declaraciones a la emisora RPP que al menos 21 personas han perdido la vida, mientras que m\u00e1s de una veintena de heridos han sido trasladados a un hospital de la localidad de Chosica. Los servicios de emergencia han restringido el tr\u00e1fico en la zona para atender a las v\u00edctimas.<\/p>\n<p>El mal estado de las carreteras y del parque m\u00f3vil provoca a menudo accidentes de este tipo en Per\u00fa.<\/p>\n<p>&nbsp;<\/p>\n<p>Fuente: EUROPA PRESS<\/p>\n","protected":false},"excerpt":{"rendered":"<p>&nbsp; MADRID, (EUROPA PRESS) \u2013 \u00a0 Al menos 21 personas <a href=\"https:\/\/sertv.gob.pa\/nacionalfm\/al-menos-21-muertos-por-la-caida-de-un-autobus-a-un-barranco-en-el-centro-de-peru\/\"> [&#8230;]<\/a><\/p>\n","protected":false},"author":9,"featured_media":73234,"comment_status":"closed","ping_status":"closed","sticky":false,"template":"","format":"standard","meta":{"footnotes":""},"categories":[3],"tags":[],"class_list":["post-73233","post","type-post","status-publish","format-standard","has-post-thumbnail","hentry","category-internacionales"],"_links":{"self":[{"href":"https:\/\/sertv.gob.pa\/nacionalfm\/wp-json\/wp\/v2\/posts\/73233","targetHints":{"allow":["GET"]}}],"collection":[{"href":"https:\/\/sertv.gob.pa\/nacionalfm\/wp-json\/wp\/v2\/posts"}],"about":[{"href":"https:\/\/sertv.gob.pa\/nacionalfm\/wp-json\/wp\/v2\/types\/post"}],"author":[{"embeddable":true,"href":"https:\/\/sertv.gob.pa\/nacionalfm\/wp-json\/wp\/v2\/users\/9"}],"replies":[{"embeddable":true,"href":"https:\/\/sertv.gob.pa\/nacionalfm\/wp-json\/wp\/v2\/comments?post=73233"}],"version-history":[{"count":1,"href":"https:\/\/sertv.gob.pa\/nacionalfm\/wp-json\/wp\/v2\/posts\/73233\/revisions"}],"predecessor-version":[{"id":73235,"href":"https:\/\/sertv.gob.pa\/nacionalfm\/wp-json\/wp\/v2\/posts\/73233\/revisions\/73235"}],"wp:featuredmedia":[{"embeddable":true,"href":"https:\/\/sertv.gob.pa\/nacionalfm\/wp-json\/wp\/v2\/media\/73234"}],"wp:attachment":[{"href":"https:\/\/sertv.gob.pa\/nacionalfm\/wp-json\/wp\/v2\/media?parent=73233"}],"wp:term":[{"taxonomy":"category","embeddable":true,"href":"https:\/\/sertv.gob.pa\/nacionalfm\/wp-json\/wp\/v2\/categories?post=73233"},{"taxonomy":"post_tag","embeddable":true,"href":"https:\/\/sertv.gob.pa\/nacionalfm\/wp-json\/wp\/v2\/tags?post=73233"}],"curies":[{"name":"wp","href":"https:\/\/api.w.org\/{rel}","templated":true}]}}