{"id":73276,"date":"2021-09-01T17:53:42","date_gmt":"2021-09-01T17:53:42","guid":{"rendered":"https:\/\/sertv.gob.pa\/nacionalfm\/?p=73276"},"modified":"2021-09-01T17:53:42","modified_gmt":"2021-09-01T17:53:42","slug":"biden-asume-la-responsabilidad-sobre-la-evacuacion-de-afganistan-que-evita-otra-decada-de-guerra","status":"publish","type":"post","link":"https:\/\/sertv.gob.pa\/nacionalfm\/biden-asume-la-responsabilidad-sobre-la-evacuacion-de-afganistan-que-evita-otra-decada-de-guerra\/","title":{"rendered":"Biden asume la responsabilidad sobre la evacuaci\u00f3n de Afganist\u00e1n, que evita \u00abotra d\u00e9cada de guerra\u00bb"},"content":{"rendered":"<p><em>El presidente de EEUU defiende la retirada militar de Afganist\u00e1n y asegura que \u00abno iba a extender una guerra para siempre\u00bb<\/em><\/p>\n<p><em>Aboga por un cambio de estrategia ante los nuevos desaf\u00edos: \u00abChina o Rusia desear\u00edan un EEUU atascado otra d\u00e9cada en Afganist\u00e1n\u00bb<\/em><\/p>\n<p>&nbsp;<\/p>\n<p><strong><em>MADRID, (EUROPA PRESS) &#8211;<\/em><\/strong><\/p>\n<p>El presidente de Estados Unidos, Joe Biden, ha asumido este martes, un d\u00eda despu\u00e9s de que partiera el \u00faltimo avi\u00f3n estadounidense desde Kabul, la responsabilidad de la decisi\u00f3n de poner fin a 20 a\u00f1os de presencia militar en Afganist\u00e1n y evacuar el pa\u00eds, algo que ha evitado \u00abotra d\u00e9cada de guerra\u00bb.<\/p>\n<p>En un discurso en el que ha hecho un repaso sobre la misi\u00f3n de evacuaci\u00f3n estadounidense, Biden ha remachado que esta misma guerra \u00abdeber\u00eda haber terminado hace mucho tiempo\u00bb, y que como presidente \u00abno iba a extender una guerra para siempre\u00bb, mientras que ha defendido que la decisi\u00f3n de retirarse del pa\u00eds se fundamenta en que \u00abtodo ha cambiado\u00bb, en referencia a lo acordado por su predecesor, Donald Trump, con los talib\u00e1n.<\/p>\n<p>La guerra en Afganist\u00e1n \u00abya no estaba al servicio de los intereses nacionales\u00bb estadounidenses. \u00abHemos sido una naci\u00f3n en guerra durante demasiado tiempo\u00bb, ha lamentado el mandatario, que tambi\u00e9n ha apostillado que cuando lleg\u00f3 a la Casa Blanca los insurgentes ten\u00edan la posici\u00f3n militar \u00abm\u00e1s fuerte\u00bb desde 2001.<\/p>\n<p>\u00abLa obligaci\u00f3n fundamental de un presidente, en mi opini\u00f3n, es defender y proteger a Estados Unidos. No contra las amenazas de 2001 sino contra las amenazas de 2021 y ma\u00f1ana. Ese es el principio rector detr\u00e1s de mis decisiones sobre Afganist\u00e1n\u00bb, ha insistido en contestaci\u00f3n a las cr\u00edticas que ha recibido sobre su gesti\u00f3n de la crisis afgana. Adem\u00e1s, ha recordado su promesa electoral de poner fin a esta guerra, se\u00f1alando que lo ha cumplido.<\/p>\n<p>Por otra parte, ha apuntado que cuando fij\u00f3 la retirada \u00abse supon\u00eda que m\u00e1s de 300.000 fuerzas de seguridad nacional afganas entrenadas y equipadas por Estados Unidos durante las dos \u00faltimas d\u00e9cadas ser\u00edan un fuerte adversario en las guerras civiles con los talib\u00e1n\u00bb, si bien, finalmente, esa \u00absuposici\u00f3n\u00bb result\u00f3 \u00abno ser precisa\u00bb, ha lamentado.<\/p>\n<p>Biden ha criticado, en este sentido, la salida del pa\u00eds del presidente afgano, Ashraf Ghani, quien, a su juicio, \u00abhuy\u00f3 envuelto en malas pr\u00e1cticas, entregando el pa\u00eds a sus enemigos y aumentando significativamente el riesgo para el personal estadounidense y los aliados\u00bb.<\/p>\n<p>Como resultado de todo ello, anoche en Kabul, Estados Unidos puso fin a 20 a\u00f1os de guerra en Afganist\u00e1n, \u00abla guerra m\u00e1s larga en la historia estadounidense\u00bb, ha explicado el mandatario, que ha resaltado una de las evacuaciones a\u00e9reas \u00abm\u00e1s grandes de la historia, con m\u00e1s de 120.000 personas evacuadas a lugares seguros\u00bb.<\/p>\n<p>Esta misi\u00f3n de evacuaci\u00f3n ha sido un \u00ab\u00e9xito\u00bb, en palabras de Biden, gracias a la \u00abincre\u00edble habilidad y valent\u00eda desinteresada del Ej\u00e9rcito de Estados Unidos y los diplom\u00e1ticos y profesionales de inteligencia\u00bb.<\/p>\n<p>Adem\u00e1s, y respecto a las cr\u00edticas que ha recibido Washington sobre la misi\u00f3n, Biden ha indicado que est\u00e1 \u00abrespetuosamente en desacuerdo\u00bb con quienes aseguran que se habr\u00eda podido iniciar antes o que se ha llevado a cabo \u00abde manera desordenada\u00bb.<\/p>\n<p>En este sentido, el presidente estadounidense ha asumido \u00abla responsabilidad de la decisi\u00f3n\u00bb sobre la retirada, aunque ha incidido en que \u00abla conclusi\u00f3n es que no hay evacuaci\u00f3n en el final de una guerra que se pueda ejecutar sin el tipo de complejidades, desaf\u00edos y amenazas\u00bb que han enfrentado.<\/p>\n<p>Biden ha asegurado que \u00abel 90 por ciento de los estadounidenses en Afganist\u00e1n que quer\u00edan irse han podido hacerlo\u00bb, mientras que la Casa Blanca calcula que existen unos 100 o 200 ciudadanos de Estados Unidos que siguen en territorio afgano, y para los que \u00abno hay fecha l\u00edmite\u00bb, ha indicado el presidente, ya que \u00abseguimos comprometidos a sacarlos si quieren salir\u00bb.<\/p>\n<p>Por otro lado, el presidente ha vuelto a insistir en la idea de que, a pesar de que Estados Unidos ha retirado toda presencia militar en el pa\u00eds, seguir\u00e1 trabajando por hacer cumplir a los talib\u00e1n los compromisos en materia de una salida segura de la naci\u00f3n centroasi\u00e1tica, permitiendo \u00abuna marcha continua de aquellos que quieran irse\u00bb y de los que quieran \u00abentregar asistencia humanitaria al pueblo de Afganist\u00e1n\u00bb.<\/p>\n<p>\u00abContinuaremos apoyando al pueblo afgano a trav\u00e9s de la diplomacia y el compromiso\u00bb, ha insistido, adem\u00e1s de agregar que Washington continuar\u00e1 luchando contra el terrorismo \u00aball\u00e1 donde est\u00e9\u00bb.<\/p>\n<p><strong>TERRORISMO Y NUEVOS DESAF\u00cdOS<\/strong><\/p>\n<p>En este aspecto, ha a\u00f1adido que el terrorismo \u00abha cambiado\u00bb y se ha expandido a otros pa\u00edses, por lo que, ha considerado, la estrategia de Washington \u00abtiene que cambiar\u00bb. \u00abMantendremos la lucha contra el terrorismo en Afganist\u00e1n y otros pa\u00edses. Simplemente no necesitamos pelear una guerra terrestre para hacerlo\u00bb, ha remachado.<\/p>\n<p>Adem\u00e1s, Biden ha enviado un mensaje al grupo terrorista Estado Isl\u00e1mico, advirti\u00e9ndole de que \u00abno han terminado con ellos todav\u00eda\u00bb, sino que trazar\u00e1n una estrategia \u00abdura, implacable, dirigida y precisa\u00bb en respuesta al ataque que el jueves pasado mat\u00f3 a 13 personas en Kabul.<\/p>\n<p>Por otro lado, ha abogado tambi\u00e9n por un cambio acorde a la evoluci\u00f3n mundial, en la que los \u00abdesaf\u00edos\u00bb pasan a ser \u00ablos ciberataques y la proliferaci\u00f3n nuclear\u00bb, por lo que, seg\u00fan ha remarcado, el pa\u00eds \u00abtiene que apuntalar su competitividad para poder enfrentarlos\u00bb.<\/p>\n<p>\u00abNo hay nada que China o Rusia desear\u00edan m\u00e1s en esta competencia que un Estados Unidos atascado otra d\u00e9cada en Afganist\u00e1n\u00bb, ha aseverado al respecto, ya que como ha subrayado Washington se encuentra \u00abinmerso\u00bb en una \u00abseria competencia\u00bb con Pek\u00edn y lidia con los \u00abdesaf\u00edos en m\u00faltiples frentes\u00bb con Mosc\u00fa.<\/p>\n<p>\u00abCon todo mi coraz\u00f3n, creo que esta es la decisi\u00f3n correcta, una decisi\u00f3n sabia y la mejor decisi\u00f3n para Estados Unidos\u00bb, ha concluido el mandatario estadounidense.<\/p>\n<p>&nbsp;<\/p>\n<p>Fuente: EUROPA PRESS<\/p>\n","protected":false},"excerpt":{"rendered":"<p>El presidente de EEUU defiende la retirada militar de Afganist\u00e1n <a href=\"https:\/\/sertv.gob.pa\/nacionalfm\/biden-asume-la-responsabilidad-sobre-la-evacuacion-de-afganistan-que-evita-otra-decada-de-guerra\/\"> [&#8230;]<\/a><\/p>\n","protected":false},"author":9,"featured_media":73277,"comment_status":"closed","ping_status":"closed","sticky":false,"template":"","format":"standard","meta":{"footnotes":""},"categories":[3],"tags":[],"class_list":["post-73276","post","type-post","status-publish","format-standard","has-post-thumbnail","hentry","category-internacionales"],"_links":{"self":[{"href":"https:\/\/sertv.gob.pa\/nacionalfm\/wp-json\/wp\/v2\/posts\/73276","targetHints":{"allow":["GET"]}}],"collection":[{"href":"https:\/\/sertv.gob.pa\/nacionalfm\/wp-json\/wp\/v2\/posts"}],"about":[{"href":"https:\/\/sertv.gob.pa\/nacionalfm\/wp-json\/wp\/v2\/types\/post"}],"author":[{"embeddable":true,"href":"https:\/\/sertv.gob.pa\/nacionalfm\/wp-json\/wp\/v2\/users\/9"}],"replies":[{"embeddable":true,"href":"https:\/\/sertv.gob.pa\/nacionalfm\/wp-json\/wp\/v2\/comments?post=73276"}],"version-history":[{"count":1,"href":"https:\/\/sertv.gob.pa\/nacionalfm\/wp-json\/wp\/v2\/posts\/73276\/revisions"}],"predecessor-version":[{"id":73278,"href":"https:\/\/sertv.gob.pa\/nacionalfm\/wp-json\/wp\/v2\/posts\/73276\/revisions\/73278"}],"wp:featuredmedia":[{"embeddable":true,"href":"https:\/\/sertv.gob.pa\/nacionalfm\/wp-json\/wp\/v2\/media\/73277"}],"wp:attachment":[{"href":"https:\/\/sertv.gob.pa\/nacionalfm\/wp-json\/wp\/v2\/media?parent=73276"}],"wp:term":[{"taxonomy":"category","embeddable":true,"href":"https:\/\/sertv.gob.pa\/nacionalfm\/wp-json\/wp\/v2\/categories?post=73276"},{"taxonomy":"post_tag","embeddable":true,"href":"https:\/\/sertv.gob.pa\/nacionalfm\/wp-json\/wp\/v2\/tags?post=73276"}],"curies":[{"name":"wp","href":"https:\/\/api.w.org\/{rel}","templated":true}]}}