{"id":73279,"date":"2021-09-01T18:32:32","date_gmt":"2021-09-01T18:32:32","guid":{"rendered":"https:\/\/sertv.gob.pa\/nacionalfm\/?p=73279"},"modified":"2021-09-01T18:32:32","modified_gmt":"2021-09-01T18:32:32","slug":"los-27-debaten-este-jueves-y-viernes-que-relacion-tener-con-un-afganistan-ya-en-manos-de-los-taliban","status":"publish","type":"post","link":"https:\/\/sertv.gob.pa\/nacionalfm\/los-27-debaten-este-jueves-y-viernes-que-relacion-tener-con-un-afganistan-ya-en-manos-de-los-taliban\/","title":{"rendered":"Los 27 debaten este jueves y viernes qu\u00e9 relaci\u00f3n tener con un Afganist\u00e1n ya en manos de los talib\u00e1n"},"content":{"rendered":"<p><strong><em>BRUSELAS, (EUROPA PRESS) &#8211;<\/em><\/strong><\/p>\n<p>&nbsp;<\/p>\n<p>Los ministros de Defensa y de Asuntos Exteriores de la Uni\u00f3n Europea se re\u00fanen este jueves y este viernes en Eslovenia en un encuentro marcado por los \u00faltimos acontecimientos en Afganist\u00e1n con la llegada al poder de los talib\u00e1n y en el que uno de los puntos a tratar ser\u00e1 precisamente qu\u00e9 relaci\u00f3n debe tener el bloque con el r\u00e9gimen islamista.<\/p>\n<p>La cita, que se desarrollar\u00e1 en la ciudad eslovena de Kranj, reunir\u00e1 primero a los titulares de Defensa, que durante la ma\u00f1ana del jueves tendr\u00e1n varias sesiones de trabajo en las que analizar\u00e1n las misiones militares actuales de la UE, como la iniciada en julio en Mozambique, y continuar\u00e1n con el debate estrat\u00e9gico sobre el futuro de la pol\u00edtica de seguridad y defensa comunitaria.<\/p>\n<p>Ser\u00e1 en este segundo punto en el que los ministros de Defensa de los Veintisiete retomar\u00e1n sus debates sobre la creaci\u00f3n de un cuerpo de acci\u00f3n r\u00e1pida europeo que cuente con unos 5.000 efectivos, una idea sobre la llevan trabajando un tiempo pero que la operaci\u00f3n de evacuaci\u00f3n del aeropuerto de la capital afgana ha vuelto a poner encima de la mesa.<\/p>\n<p>El Alto Representante de Pol\u00edtica Exterior y Seguridad Com\u00fan, Josep Borrell, ha defendido en varias ocasiones desde la crisis afgana la creaci\u00f3n de una capacidad militar europea que cada vez se ve m\u00e1s justificada en la capital europea. \u00abAntes o despu\u00e9s la UE deber\u00eda poder hacer operaciones como la de Kabul\u00bb, ha se\u00f1alado un alto funcionario europeo.<\/p>\n<p>Mientras que los titulares de Defensa de los Veintisiete tocar\u00e1n Afganist\u00e1n desde la perspectiva de las lecciones a aprender a largo plazo, el asunto est\u00e1 previsto formalmente para la reuni\u00f3n de sus hom\u00f3logos de Asuntos Exteriores, que comienza el jueves por la tarde y continuar\u00e1 el viernes por la ma\u00f1ana.<\/p>\n<p>Con la primera fase de la evacuaci\u00f3n finalizada, en la que la UE ha sacado a 520 personas de su personal local, fuentes comunitarias han explicado que la discusi\u00f3n ser\u00e1 \u00abmuy amplia\u00bb y tratar\u00e1 cuestiones como las diferentes posibilidades para abrir \u00abv\u00edas seguras\u00bb para ciudadanos afganos que quieran salir del pa\u00eds, el env\u00edo de ayuda humanitaria, el futuro de la ayuda al desarrollo o las implicaciones en la seguridad de la regi\u00f3n.<\/p>\n<p>Tambi\u00e9n se espera que debatan sobre el tipo de relaci\u00f3n que la UE deber\u00eda tener con el r\u00e9gimen de los talib\u00e1n. Sobre esta cuesti\u00f3n, un alto funcionario de la UE explic\u00f3 que es \u00abobvio\u00bb que el bloque tendr\u00e1 que tener contactos con los islamistas, y \u00abno s\u00f3lo para cuestiones como la seguridad del aeropuerto\u00bb.<\/p>\n<p>\u00abLos talib\u00e1n estar\u00e1n en el futuro de Afganist\u00e1n y ser\u00e1n una parte importante del futuro gobierno de Afganist\u00e1n, as\u00ed que tenemos que tener relaciones con ellos a diferentes niveles\u00bb, argumenta la misma fuente, quien a\u00f1ade que la relaci\u00f3n final depender\u00e1 de las \u00abdecisiones\u00bb que tomen los insurgentes.<\/p>\n<p>\u00abSi van en la direcci\u00f3n de imponer un emirato como el de hace veinte a\u00f1os tendremos problemas extraordinarios para tener cualquier tipo de relaci\u00f3n. Depende de ellos decidir hasta d\u00f3nde podemos ir\u00bb, explica el alto funcionario, que apunta a las \u00abcondiciones\u00bb que la UE ha puesto p\u00fablicamente, sobre todo en cuanto al respeto de los derechos fundamentales de mujeres y ni\u00f1as.<\/p>\n<p>M\u00e1s all\u00e1 de la crisis afgana, los ministros de Asuntos Exteriores de la UE tambi\u00e9n intercambiar\u00e1n posiciones sobre el papel de la UE con los pa\u00edses del Golfo p\u00e9rsico y mantendr\u00e1n un debate \u00abgeneral\u00bb sobre las relaciones bilaterales con China.<\/p>\n<p>&nbsp;<\/p>\n<p>Fuente: EUROPA PRESS<\/p>\n","protected":false},"excerpt":{"rendered":"<p>BRUSELAS, (EUROPA PRESS) &#8211; &nbsp; Los ministros de Defensa y <a href=\"https:\/\/sertv.gob.pa\/nacionalfm\/los-27-debaten-este-jueves-y-viernes-que-relacion-tener-con-un-afganistan-ya-en-manos-de-los-taliban\/\"> [&#8230;]<\/a><\/p>\n","protected":false},"author":9,"featured_media":73280,"comment_status":"closed","ping_status":"closed","sticky":false,"template":"","format":"standard","meta":{"footnotes":""},"categories":[3],"tags":[],"class_list":["post-73279","post","type-post","status-publish","format-standard","has-post-thumbnail","hentry","category-internacionales"],"_links":{"self":[{"href":"https:\/\/sertv.gob.pa\/nacionalfm\/wp-json\/wp\/v2\/posts\/73279","targetHints":{"allow":["GET"]}}],"collection":[{"href":"https:\/\/sertv.gob.pa\/nacionalfm\/wp-json\/wp\/v2\/posts"}],"about":[{"href":"https:\/\/sertv.gob.pa\/nacionalfm\/wp-json\/wp\/v2\/types\/post"}],"author":[{"embeddable":true,"href":"https:\/\/sertv.gob.pa\/nacionalfm\/wp-json\/wp\/v2\/users\/9"}],"replies":[{"embeddable":true,"href":"https:\/\/sertv.gob.pa\/nacionalfm\/wp-json\/wp\/v2\/comments?post=73279"}],"version-history":[{"count":1,"href":"https:\/\/sertv.gob.pa\/nacionalfm\/wp-json\/wp\/v2\/posts\/73279\/revisions"}],"predecessor-version":[{"id":73281,"href":"https:\/\/sertv.gob.pa\/nacionalfm\/wp-json\/wp\/v2\/posts\/73279\/revisions\/73281"}],"wp:featuredmedia":[{"embeddable":true,"href":"https:\/\/sertv.gob.pa\/nacionalfm\/wp-json\/wp\/v2\/media\/73280"}],"wp:attachment":[{"href":"https:\/\/sertv.gob.pa\/nacionalfm\/wp-json\/wp\/v2\/media?parent=73279"}],"wp:term":[{"taxonomy":"category","embeddable":true,"href":"https:\/\/sertv.gob.pa\/nacionalfm\/wp-json\/wp\/v2\/categories?post=73279"},{"taxonomy":"post_tag","embeddable":true,"href":"https:\/\/sertv.gob.pa\/nacionalfm\/wp-json\/wp\/v2\/tags?post=73279"}],"curies":[{"name":"wp","href":"https:\/\/api.w.org\/{rel}","templated":true}]}}