{"id":73282,"date":"2021-09-01T19:01:08","date_gmt":"2021-09-01T19:01:08","guid":{"rendered":"https:\/\/sertv.gob.pa\/nacionalfm\/?p=73282"},"modified":"2021-09-01T19:01:08","modified_gmt":"2021-09-01T19:01:08","slug":"dos-exintegrantes-de-sendero-luminoso-vinculan-al-ministro-de-trabajo-peruano-con-el-grupo-terrorista","status":"publish","type":"post","link":"https:\/\/sertv.gob.pa\/nacionalfm\/dos-exintegrantes-de-sendero-luminoso-vinculan-al-ministro-de-trabajo-peruano-con-el-grupo-terrorista\/","title":{"rendered":"Dos exintegrantes de Sendero Luminoso vinculan al ministro de Trabajo peruano con el grupo terrorista"},"content":{"rendered":"<p><strong><em>MADRID, (EUROPA PRESS) \u2013<\/em><\/strong><\/p>\n<p><strong><em>\u00a0<\/em><\/strong><\/p>\n<p>Las declaraciones de dos integrantes de Sendero Luminoso vinculan al ministro de Trabajo peruano, Iber Marav\u00ed, con el grupo terrorista, en el que supuestamente habr\u00eda ostentado un cargo organizativo y habr\u00eda participado en reuniones y atentados de la organizaci\u00f3n.<\/p>\n<p>Seg\u00fan los testimonios, recogidos por la prensa peruana y que han levantado un nuevo frente de pol\u00e9mica dentro del nuevo Gobierno de Pedro Castillo, Marav\u00ed, fue el \u00abresponsable\u00bb de la \u00abzona norte\u00bb en la regi\u00f3n de Ayacucho en los a\u00f1os ochenta.<\/p>\n<p>Los senderistas V\u00edctor Reyes Conislla y Juan Alarc\u00f3n Guti\u00e9rrez testificaron, seg\u00fan los documentos a los que ha accedido &#8216;El Comercio&#8217;, sobre la participaci\u00f3n del responsable de la cartera en reuniones y atentados de Sendero Luminoso.<\/p>\n<p>Seg\u00fan las declaraciones, Marav\u00ed, estar\u00eda involucrado en el atentado contra el local de Acci\u00f3n Popular, el por entonces partido gobernante, as\u00ed como contra las instalaciones de la empresa estatal de energ\u00eda el\u00e9ctrica.<\/p>\n<p>Adem\u00e1s de estas acusaciones, Marav\u00ed, aparece en un atestado policial del a\u00f1o 2004 en el que se le denuncia por terrorismo en el departamento de Ayacucho en el marco de las protestas estudiantiles, seg\u00fan informa &#8216;El Comercio&#8217;.<\/p>\n<p>La informaci\u00f3n desvelada por la prensa ha generado revuelo en el Gobierno de Castillo, que desde que accedi\u00f3 al cargo ha enfrentado diversos frentes pol\u00e9micos. La presidenta del Congreso peruano, Mar\u00eda del Carmen Alva, ya ha pedido la dimisi\u00f3n del ministro, que ha puesto a disposici\u00f3n del presidente su cargo. Castillo no se ha pronunciado por el momento sobre el asunto, mientras que Marav\u00ed, ha calificado como \u00abfalsas y tendenciosas\u00bb estas acusaciones.<\/p>\n<p>&nbsp;<\/p>\n<p>Fuente: EUROPA PRESS<\/p>\n","protected":false},"excerpt":{"rendered":"<p>MADRID, (EUROPA PRESS) \u2013 \u00a0 Las declaraciones de dos integrantes <a href=\"https:\/\/sertv.gob.pa\/nacionalfm\/dos-exintegrantes-de-sendero-luminoso-vinculan-al-ministro-de-trabajo-peruano-con-el-grupo-terrorista\/\"> [&#8230;]<\/a><\/p>\n","protected":false},"author":9,"featured_media":73283,"comment_status":"closed","ping_status":"closed","sticky":false,"template":"","format":"standard","meta":{"footnotes":""},"categories":[3],"tags":[],"class_list":["post-73282","post","type-post","status-publish","format-standard","has-post-thumbnail","hentry","category-internacionales"],"_links":{"self":[{"href":"https:\/\/sertv.gob.pa\/nacionalfm\/wp-json\/wp\/v2\/posts\/73282","targetHints":{"allow":["GET"]}}],"collection":[{"href":"https:\/\/sertv.gob.pa\/nacionalfm\/wp-json\/wp\/v2\/posts"}],"about":[{"href":"https:\/\/sertv.gob.pa\/nacionalfm\/wp-json\/wp\/v2\/types\/post"}],"author":[{"embeddable":true,"href":"https:\/\/sertv.gob.pa\/nacionalfm\/wp-json\/wp\/v2\/users\/9"}],"replies":[{"embeddable":true,"href":"https:\/\/sertv.gob.pa\/nacionalfm\/wp-json\/wp\/v2\/comments?post=73282"}],"version-history":[{"count":1,"href":"https:\/\/sertv.gob.pa\/nacionalfm\/wp-json\/wp\/v2\/posts\/73282\/revisions"}],"predecessor-version":[{"id":73284,"href":"https:\/\/sertv.gob.pa\/nacionalfm\/wp-json\/wp\/v2\/posts\/73282\/revisions\/73284"}],"wp:featuredmedia":[{"embeddable":true,"href":"https:\/\/sertv.gob.pa\/nacionalfm\/wp-json\/wp\/v2\/media\/73283"}],"wp:attachment":[{"href":"https:\/\/sertv.gob.pa\/nacionalfm\/wp-json\/wp\/v2\/media?parent=73282"}],"wp:term":[{"taxonomy":"category","embeddable":true,"href":"https:\/\/sertv.gob.pa\/nacionalfm\/wp-json\/wp\/v2\/categories?post=73282"},{"taxonomy":"post_tag","embeddable":true,"href":"https:\/\/sertv.gob.pa\/nacionalfm\/wp-json\/wp\/v2\/tags?post=73282"}],"curies":[{"name":"wp","href":"https:\/\/api.w.org\/{rel}","templated":true}]}}