{"id":7333,"date":"2015-09-09T18:20:32","date_gmt":"2015-09-09T18:20:32","guid":{"rendered":""},"modified":"2015-09-09T18:20:32","modified_gmt":"2015-09-09T18:20:32","slug":"fanlyc-y-la-carrera-relevo-por-la-vida","status":"publish","type":"post","link":"https:\/\/sertv.gob.pa\/nacionalfm\/fanlyc-y-la-carrera-relevo-por-la-vida\/","title":{"rendered":"Fanlyc y la carrera Relevo por la Vida"},"content":{"rendered":"<p>\nCon el prop\u00f3sito de apoyar la lucha contra el c\u00e1ncer infantil en Panam\u00e1,  el 17 de octubre iniciar\u00e1 la carrera Relevo por la Vida , 24 horas de solidaridad que reunir\u00e1 a la comunidad paname\u00f1a. <\/p>\n<p>Esta iniciativa anual impulsada por  FANLYC ,  Fundaci\u00f3n Amigos del Ni\u00f1o con Leucemia y C\u00e1ncer , y con el apoyo y patrocinio de Sportline Am\u00e9rica, tendr\u00e1 lugar desde las 8:00 a.m. de este\u00a017 de octubre\u00a0hasta las 8:00 a.m. del 18 de octubre en el Causeway de Amador, y consistir\u00e1 en correr o caminar 3 km en los que equipos formados por empresas, instituciones y organizaciones participan recorriendo el circuito con una donaci\u00f3n de $5 por vuelta completada, intentando lograr el mayor n\u00famero de vueltas con el fin de animar a un ni\u00f1o y su familia en la dif\u00edcil lucha diaria de la superaci\u00f3n del c\u00e1ncer. El equipo que m\u00e1s vueltas consiga realizar en estas 24 horas ser\u00e1 el ganador de la edici\u00f3n de este a\u00f1o, una premiaci\u00f3n simb\u00f3lica, pero sin duda satisfactoria y gratificante tanto para los participantes como para los ni\u00f1os. <\/p>\n<p>Este a\u00f1o contar\u00e1n con una tarima de estiramientos y calentamiento, animaci\u00f3n, baile, zumba y espacios de &#8216;fitness&#8217; con instructores para de promover un estilo de vida saludable, como forma de prevenci\u00f3n del c\u00e1ncer. Adem\u00e1s, habr\u00e1 un &#8216;food court&#8217; con comida sana y colocar\u00e1n tanques de agua para que todo aquel que participe pueda asistir con su termo y estar hidratado todo el tiempo que lo necesite. De esta forma, se contribuye ecol\u00f3gicamente a contaminar menos con los deshechos que genera el consumo de agua en botellas de pl\u00e1stico. <\/p>\n<p>\u00a0 <\/p>\n<p>\u00a0 <\/p>\n","protected":false},"excerpt":{"rendered":"<p>Con el prop\u00f3sito de apoyar la lucha contra el c\u00e1ncer <a href=\"https:\/\/sertv.gob.pa\/nacionalfm\/fanlyc-y-la-carrera-relevo-por-la-vida\/\"> [&#8230;]<\/a><\/p>\n","protected":false},"author":1,"featured_media":7334,"comment_status":"closed","ping_status":"closed","sticky":false,"template":"","format":"standard","meta":{"footnotes":""},"categories":[5],"tags":[],"class_list":["post-7333","post","type-post","status-publish","format-standard","has-post-thumbnail","hentry","category-salud"],"_links":{"self":[{"href":"https:\/\/sertv.gob.pa\/nacionalfm\/wp-json\/wp\/v2\/posts\/7333","targetHints":{"allow":["GET"]}}],"collection":[{"href":"https:\/\/sertv.gob.pa\/nacionalfm\/wp-json\/wp\/v2\/posts"}],"about":[{"href":"https:\/\/sertv.gob.pa\/nacionalfm\/wp-json\/wp\/v2\/types\/post"}],"author":[{"embeddable":true,"href":"https:\/\/sertv.gob.pa\/nacionalfm\/wp-json\/wp\/v2\/users\/1"}],"replies":[{"embeddable":true,"href":"https:\/\/sertv.gob.pa\/nacionalfm\/wp-json\/wp\/v2\/comments?post=7333"}],"version-history":[{"count":0,"href":"https:\/\/sertv.gob.pa\/nacionalfm\/wp-json\/wp\/v2\/posts\/7333\/revisions"}],"wp:featuredmedia":[{"embeddable":true,"href":"https:\/\/sertv.gob.pa\/nacionalfm\/wp-json\/wp\/v2\/media\/7334"}],"wp:attachment":[{"href":"https:\/\/sertv.gob.pa\/nacionalfm\/wp-json\/wp\/v2\/media?parent=7333"}],"wp:term":[{"taxonomy":"category","embeddable":true,"href":"https:\/\/sertv.gob.pa\/nacionalfm\/wp-json\/wp\/v2\/categories?post=7333"},{"taxonomy":"post_tag","embeddable":true,"href":"https:\/\/sertv.gob.pa\/nacionalfm\/wp-json\/wp\/v2\/tags?post=7333"}],"curies":[{"name":"wp","href":"https:\/\/api.w.org\/{rel}","templated":true}]}}