{"id":73336,"date":"2021-09-02T18:12:42","date_gmt":"2021-09-02T18:12:42","guid":{"rendered":"https:\/\/sertv.gob.pa\/nacionalfm\/?p=73336"},"modified":"2021-09-02T18:12:42","modified_gmt":"2021-09-02T18:12:42","slug":"afganistan-reanudara-este-viernes-los-vuelos-a-nivel-nacional","status":"publish","type":"post","link":"https:\/\/sertv.gob.pa\/nacionalfm\/afganistan-reanudara-este-viernes-los-vuelos-a-nivel-nacional\/","title":{"rendered":"Afganist\u00e1n reanudara este viernes los vuelos a nivel nacional"},"content":{"rendered":"<p><strong><em>MADRID, (EUROPA PRESS) \u2013<\/em><\/strong><\/p>\n<p><strong><em>\u00a0<\/em><\/strong><\/p>\n<p>Los vuelos nacionales se reanudar\u00e1n este viernes en Afganist\u00e1n d\u00edas despu\u00e9s de que las tropas estadounidenses abandonaran por completo el pa\u00eds, seg\u00fan ha informado la cadena de televisi\u00f3n Al Yazira.<\/p>\n<p>No obstante, el restablecimiento de las rutas a\u00e9reas llevar\u00e1 tiempo, si bien ya hay t\u00e9cnicos qatar\u00edes y turcos analizando la situaci\u00f3n en el aeropuerto de Kabul a pesar de que el pa\u00eds se encuentra bajo control talib\u00e1n en su pr\u00e1ctica totalidad.<\/p>\n<p>Este mismo jueves, el ministro de Exteriores de Qatar, Mohamed bin Abdelrahman, ha expresado que espera que el aeropuerto de Kabul pueda reabrir lo antes posible. \u00abEstamos a\u00fan evaluando la situaci\u00f3n\u00bb, ha dicho, seg\u00fan la agencia de noticias DPA. As\u00ed, ha especificado que los talib\u00e1n y las autoridades qatar\u00edes est\u00e1n tratando de identificar \u00abriesgos y posibles fallos\u00bb en el aeropuerto.<\/p>\n<p>El 31 de agosto, las fuerzas estadounidenses abandonaron el aeropuerto de Kabul poniendo fin a la presencia militar del pa\u00eds en suelo afgano dos d\u00e9cadas despu\u00e9s de la invasi\u00f3n.<\/p>\n<p>T\u00e9cnicos de Qatar y Turqu\u00eda llegaron el mi\u00e9rcoles a Kabul para examinar el estado del Aeropuerto Internacional Hamid Karzai, en un aparente acercamiento con los talib\u00e1n para garantizar el funcionamiento del aer\u00f3dromo y que puedan retornar los vuelos civiles.<\/p>\n<p>Los talib\u00e1n han planteado a qatar\u00edes y turcos la posibilidad de que asuman la gesti\u00f3n del aer\u00f3dromo, algo que el presidente de Turqu\u00eda, Recep Tayyip Erdogan, reconoci\u00f3 p\u00fablicamente que estaban estudiando.<\/p>\n<p>&nbsp;<\/p>\n<p>Fuente: EUROPA PRESS<\/p>\n","protected":false},"excerpt":{"rendered":"<p>MADRID, (EUROPA PRESS) \u2013 \u00a0 Los vuelos nacionales se reanudar\u00e1n <a href=\"https:\/\/sertv.gob.pa\/nacionalfm\/afganistan-reanudara-este-viernes-los-vuelos-a-nivel-nacional\/\"> [&#8230;]<\/a><\/p>\n","protected":false},"author":9,"featured_media":73337,"comment_status":"closed","ping_status":"closed","sticky":false,"template":"","format":"standard","meta":{"footnotes":""},"categories":[3],"tags":[],"class_list":["post-73336","post","type-post","status-publish","format-standard","has-post-thumbnail","hentry","category-internacionales"],"_links":{"self":[{"href":"https:\/\/sertv.gob.pa\/nacionalfm\/wp-json\/wp\/v2\/posts\/73336","targetHints":{"allow":["GET"]}}],"collection":[{"href":"https:\/\/sertv.gob.pa\/nacionalfm\/wp-json\/wp\/v2\/posts"}],"about":[{"href":"https:\/\/sertv.gob.pa\/nacionalfm\/wp-json\/wp\/v2\/types\/post"}],"author":[{"embeddable":true,"href":"https:\/\/sertv.gob.pa\/nacionalfm\/wp-json\/wp\/v2\/users\/9"}],"replies":[{"embeddable":true,"href":"https:\/\/sertv.gob.pa\/nacionalfm\/wp-json\/wp\/v2\/comments?post=73336"}],"version-history":[{"count":1,"href":"https:\/\/sertv.gob.pa\/nacionalfm\/wp-json\/wp\/v2\/posts\/73336\/revisions"}],"predecessor-version":[{"id":73339,"href":"https:\/\/sertv.gob.pa\/nacionalfm\/wp-json\/wp\/v2\/posts\/73336\/revisions\/73339"}],"wp:featuredmedia":[{"embeddable":true,"href":"https:\/\/sertv.gob.pa\/nacionalfm\/wp-json\/wp\/v2\/media\/73337"}],"wp:attachment":[{"href":"https:\/\/sertv.gob.pa\/nacionalfm\/wp-json\/wp\/v2\/media?parent=73336"}],"wp:term":[{"taxonomy":"category","embeddable":true,"href":"https:\/\/sertv.gob.pa\/nacionalfm\/wp-json\/wp\/v2\/categories?post=73336"},{"taxonomy":"post_tag","embeddable":true,"href":"https:\/\/sertv.gob.pa\/nacionalfm\/wp-json\/wp\/v2\/tags?post=73336"}],"curies":[{"name":"wp","href":"https:\/\/api.w.org\/{rel}","templated":true}]}}