{"id":73340,"date":"2021-09-02T18:45:27","date_gmt":"2021-09-02T18:45:27","guid":{"rendered":"https:\/\/sertv.gob.pa\/nacionalfm\/?p=73340"},"modified":"2021-09-02T18:45:27","modified_gmt":"2021-09-02T18:45:27","slug":"decenas-de-mujeres-se-manifiestan-en-herat-para-pedir-un-gobierno-inclusivo-en-afganistan","status":"publish","type":"post","link":"https:\/\/sertv.gob.pa\/nacionalfm\/decenas-de-mujeres-se-manifiestan-en-herat-para-pedir-un-gobierno-inclusivo-en-afganistan\/","title":{"rendered":"Decenas de mujeres se manifiestan en Herat para pedir un Gobierno inclusivo en Afganist\u00e1n."},"content":{"rendered":"<p><strong><em>MADRID, (EUROPA PRESS) \u2013<\/em><\/strong><\/p>\n<p><strong><em>\u00a0<\/em><\/strong><\/p>\n<p>Decenas de mujeres se han manifestado este jueves en la ciudad afgana de Herat para reclamar a los talib\u00e1n que no conforme un r\u00e9gimen constituido \u00fanicamente por hombres, en una protesta in\u00e9dita en esta localidad desde que los insurgentes se hicieron con el control de Kabul el 15 de agosto.<\/p>\n<p>Durante la marcha, de la que medios como Tolo News o la agencia Jaama han publicado im\u00e1genes, las manifestantes han exhibido pancartas en las que sostienen que \u00abning\u00fan gobierno es sostenible sin mujeres\u00bb. Entre las asistentes hab\u00eda activistas, estudiantes universitarias y funcionarias.<\/p>\n<p>Los talib\u00e1n han prometido que las mujeres no perder\u00e1n derechos, o al menos no retroceder\u00e1n a la irrelevancia que ten\u00edan en 2001, durante la anterior etapa del conocido como Emirato Isl\u00e1mico. Sin embargo, han dejado claro que la &#8216;sharia&#8217; o ley isl\u00e1mica ser\u00e1 la l\u00ednea roja que tendr\u00e1n en cuenta.<\/p>\n<p>La comunidad internacional, con Naciones Unidas a la cabeza, ha pedido que se respeten tambi\u00e9n los derechos de todos los sexos. La directora ejecutiva de ONU Mujeres, Pramila Patten, advirti\u00f3 esta semana de que la incorporaci\u00f3n de mujeres en la futura administraci\u00f3n ser\u00e1 una \u00abprueba de fuego\u00bb para constatar el verdadero compromiso de los talib\u00e1n con los derechos y las libertades.<\/p>\n<p>&nbsp;<\/p>\n<p>Fuente: EUROPA PRESS<\/p>\n","protected":false},"excerpt":{"rendered":"<p>MADRID, (EUROPA PRESS) \u2013 \u00a0 Decenas de mujeres se han <a href=\"https:\/\/sertv.gob.pa\/nacionalfm\/decenas-de-mujeres-se-manifiestan-en-herat-para-pedir-un-gobierno-inclusivo-en-afganistan\/\"> [&#8230;]<\/a><\/p>\n","protected":false},"author":9,"featured_media":73341,"comment_status":"closed","ping_status":"closed","sticky":false,"template":"","format":"standard","meta":{"footnotes":""},"categories":[3],"tags":[],"class_list":["post-73340","post","type-post","status-publish","format-standard","has-post-thumbnail","hentry","category-internacionales"],"_links":{"self":[{"href":"https:\/\/sertv.gob.pa\/nacionalfm\/wp-json\/wp\/v2\/posts\/73340","targetHints":{"allow":["GET"]}}],"collection":[{"href":"https:\/\/sertv.gob.pa\/nacionalfm\/wp-json\/wp\/v2\/posts"}],"about":[{"href":"https:\/\/sertv.gob.pa\/nacionalfm\/wp-json\/wp\/v2\/types\/post"}],"author":[{"embeddable":true,"href":"https:\/\/sertv.gob.pa\/nacionalfm\/wp-json\/wp\/v2\/users\/9"}],"replies":[{"embeddable":true,"href":"https:\/\/sertv.gob.pa\/nacionalfm\/wp-json\/wp\/v2\/comments?post=73340"}],"version-history":[{"count":1,"href":"https:\/\/sertv.gob.pa\/nacionalfm\/wp-json\/wp\/v2\/posts\/73340\/revisions"}],"predecessor-version":[{"id":73342,"href":"https:\/\/sertv.gob.pa\/nacionalfm\/wp-json\/wp\/v2\/posts\/73340\/revisions\/73342"}],"wp:featuredmedia":[{"embeddable":true,"href":"https:\/\/sertv.gob.pa\/nacionalfm\/wp-json\/wp\/v2\/media\/73341"}],"wp:attachment":[{"href":"https:\/\/sertv.gob.pa\/nacionalfm\/wp-json\/wp\/v2\/media?parent=73340"}],"wp:term":[{"taxonomy":"category","embeddable":true,"href":"https:\/\/sertv.gob.pa\/nacionalfm\/wp-json\/wp\/v2\/categories?post=73340"},{"taxonomy":"post_tag","embeddable":true,"href":"https:\/\/sertv.gob.pa\/nacionalfm\/wp-json\/wp\/v2\/tags?post=73340"}],"curies":[{"name":"wp","href":"https:\/\/api.w.org\/{rel}","templated":true}]}}