{"id":7335,"date":"2015-09-09T18:52:51","date_gmt":"2015-09-09T18:52:51","guid":{"rendered":""},"modified":"2015-09-09T18:52:51","modified_gmt":"2015-09-09T18:52:51","slug":"tabaco-puede-acelerar-progresion-de-esclerosis-multiple","status":"publish","type":"post","link":"https:\/\/sertv.gob.pa\/nacionalfm\/tabaco-puede-acelerar-progresion-de-esclerosis-multiple\/","title":{"rendered":"Tabaco puede acelerar progresi\u00f3n de esclerosis m\u00faltiple"},"content":{"rendered":"<p>\nNo renunciar al tabaco, una vez que se ha recibido un diagn\u00f3stico de  esclerosis m\u00faltiple,  parece estar asociado con una aceleraci\u00f3n de la progresi\u00f3n de la enfermedad, seg\u00fan un estudio publicado por una universidad sueca. <\/p>\n<p>La esclerosis m\u00faltiple es una enfermedad degenerativa y el tabaco es uno de los factores de riesgo conocidos. La dolencia empieza con un curso inicial de reca\u00eddas y empeoramientos irregulares y, por lo general, unos 20 a\u00f1os despu\u00e9s, pasa a la fase de enfermedad progresiva. <\/p>\n<p>Un equipo de la Universidad Karolinska de Estocolmo estudi\u00f3 a 728 pacientes que fumaban en el momento del diagn\u00f3stico, de los que 216 ya hab\u00eda pasado a la segunda fase de la enfermedad, seg\u00fan un estudio publicado en la revista  Jama Neurology . <\/p>\n<p>Entre los fumadores, 332 segu\u00edan consumiendo tabaco un a\u00f1o luego del diagn\u00f3stico y 118 lo hab\u00edan dejado en ese mismo periodo de tiempo. Adem\u00e1s, se incluyeron datos de mil 012 personas que nunca hab\u00edan consumido tabaco. <\/p>\n<p>El estudio sugiere que cada a\u00f1o en el que un paciente segu\u00eda fumando despu\u00e9s de ser diagnosticado aceleraba en un 4.7 % el tiempo en que empezaba a desarrollar la segunda fase de la enfermedad. <\/p>\n<p>Asimismo indica que aquellos pacientes que siguieron fumando cada a\u00f1o despu\u00e9s del diagn\u00f3stico pasaban a la siguiente fase de la esclerosis m\u00e1s r\u00e1pido (a los 48 a\u00f1os) que los que hab\u00edan abandonado el h\u00e1bito (56 a\u00f1os). <\/p>\n<p>\u00abEste estudio demuestra que fumar tras ser diagnosticado de esclerosis m\u00faltiple tiene un impacto negativo en la progresi\u00f3n de la enfermedad, mientras que reducir el consumo puede mejorar la calidad de vida del paciente, logrando m\u00e1s a\u00f1os antes de desarrollar la siguiente fase\u00bb, indica el estudio <\/p>\n<p>Por lo tanto, \u00abla evidencia apoya claramente que se aconseje a los pacientes con esclerosis m\u00faltiple y que fuman que dejen de hacerlo\u00bb, concluye. <\/p>\n<p>\u00a0 <\/p>\n<p>\u00a0 <\/p>\n","protected":false},"excerpt":{"rendered":"<p>No renunciar al tabaco, una vez que se ha recibido <a href=\"https:\/\/sertv.gob.pa\/nacionalfm\/tabaco-puede-acelerar-progresion-de-esclerosis-multiple\/\"> [&#8230;]<\/a><\/p>\n","protected":false},"author":1,"featured_media":7336,"comment_status":"closed","ping_status":"closed","sticky":false,"template":"","format":"standard","meta":{"footnotes":""},"categories":[5],"tags":[],"class_list":["post-7335","post","type-post","status-publish","format-standard","has-post-thumbnail","hentry","category-salud"],"_links":{"self":[{"href":"https:\/\/sertv.gob.pa\/nacionalfm\/wp-json\/wp\/v2\/posts\/7335","targetHints":{"allow":["GET"]}}],"collection":[{"href":"https:\/\/sertv.gob.pa\/nacionalfm\/wp-json\/wp\/v2\/posts"}],"about":[{"href":"https:\/\/sertv.gob.pa\/nacionalfm\/wp-json\/wp\/v2\/types\/post"}],"author":[{"embeddable":true,"href":"https:\/\/sertv.gob.pa\/nacionalfm\/wp-json\/wp\/v2\/users\/1"}],"replies":[{"embeddable":true,"href":"https:\/\/sertv.gob.pa\/nacionalfm\/wp-json\/wp\/v2\/comments?post=7335"}],"version-history":[{"count":0,"href":"https:\/\/sertv.gob.pa\/nacionalfm\/wp-json\/wp\/v2\/posts\/7335\/revisions"}],"wp:featuredmedia":[{"embeddable":true,"href":"https:\/\/sertv.gob.pa\/nacionalfm\/wp-json\/wp\/v2\/media\/7336"}],"wp:attachment":[{"href":"https:\/\/sertv.gob.pa\/nacionalfm\/wp-json\/wp\/v2\/media?parent=7335"}],"wp:term":[{"taxonomy":"category","embeddable":true,"href":"https:\/\/sertv.gob.pa\/nacionalfm\/wp-json\/wp\/v2\/categories?post=7335"},{"taxonomy":"post_tag","embeddable":true,"href":"https:\/\/sertv.gob.pa\/nacionalfm\/wp-json\/wp\/v2\/tags?post=7335"}],"curies":[{"name":"wp","href":"https:\/\/api.w.org\/{rel}","templated":true}]}}