{"id":73399,"date":"2021-09-03T17:55:14","date_gmt":"2021-09-03T17:55:14","guid":{"rendered":"https:\/\/sertv.gob.pa\/nacionalfm\/?p=73399"},"modified":"2021-09-03T17:55:14","modified_gmt":"2021-09-03T17:55:14","slug":"guaido-insiste-en-que-no-hay-garantia-de-elecciones-libres-y-evita-valorar-la-participacion-en-noviembre","status":"publish","type":"post","link":"https:\/\/sertv.gob.pa\/nacionalfm\/guaido-insiste-en-que-no-hay-garantia-de-elecciones-libres-y-evita-valorar-la-participacion-en-noviembre\/","title":{"rendered":"Guaid\u00f3 insiste en que no hay garant\u00eda de elecciones \u00ablibres\u00bb y evita valorar la participaci\u00f3n en noviembre"},"content":{"rendered":"<p><strong><em>MADRID, (EUROPA PRESS) \u2013<\/em><\/strong><\/p>\n<p>&nbsp;<\/p>\n<p>El dirigente opositor venezolano Juan Guaid\u00f3 ha asegurado que a d\u00eda de hoy \u00abno hay condiciones para un proceso electoral libre y justo\u00bb en el pa\u00eds sudamericano y ha dicho que tanto los partidos que han decidido concurrir a los comicios regionales y locales de noviembre como los que no deben estar unidos frente a la \u00abdictadura\u00bb de Nicol\u00e1s Maduro.<\/p>\n<p>Guaid\u00f3 no se ha pronunciado expresamente sobre el mensaje lanzado esta semana por la Plataforma Unitaria, una coalici\u00f3n de partidos en la que est\u00e1 integrado el suyo (Voluntad Popular) y que se ha mostrado a favor de participar en las pr\u00f3ximas elecciones a pesar de que puedan no darse garant\u00edas suficientes, en un giro de la estrategia mantenida durante estos \u00faltimos a\u00f1os.<\/p>\n<p>El dirigente opositor, que en 2019 se autoproclam\u00f3 &#8216;presidente encargado&#8217; de Venezuela haciendo valer su jefatura en la Asamblea Nacional, ha asegurado que la oposici\u00f3n est\u00e1 en M\u00e9xico precisamente \u00abluchando\u00bb para que pueda haber en Venezuela elecciones con garant\u00edas, si bien ha dejado claro que el objetivo final pasa por que haya parlamentarias y presidenciales.<\/p>\n<p>Quiere \u00abun acuerdo que solucione el conflicto\u00bb y ha apuntado que, mientras tanto, seguir\u00e1 \u00aben la calle\u00bb. \u00abNo somos espectadores activos de un proceso\u00bb, ha dicho Guaid\u00f3, en un mensaje publicado en las redes sociales y en el que ha vuelto a defender su \u00abacuerdo de salvaci\u00f3n nacional\u00bb.<\/p>\n<p>\u00abS\u00e9 que, para los partidos que han decidido participar en el evento del 21 de noviembre, la decisi\u00f3n fue producto de un proceso arduo\u00bb, ha reconocido, para acto seguido apuntar que tambi\u00e9n quienes no quieren presentarse forman parte del mismo bando. \u00abLa unidad es un clamor de los venezolanos\u00bb, ha apostillado.<\/p>\n<p>La falta de unidad ha sido hist\u00f3ricamente una de las debilidades de la oposici\u00f3n en Venezuela, que ha logrado en bloque sus principales \u00e9xitos. La falta de avances tangibles en el terreno pol\u00edtico ha contribuido a generar nuevas grietas y l\u00edderes como Henrique Capriles se han distanciado p\u00fablicamente de las tesis defendidas por Guaid\u00f3.<\/p>\n<p>Las \u00abgarant\u00edas electorales\u00bb forman parte del memorando de entendimiento pactado entre la Plataforma Unitaria y los representantes del r\u00e9gimen de Maduro en las conversaciones que arrancan este viernes en M\u00e9xico y que se prolongar\u00e1n al menos hasta el lunes.<\/p>\n<p>&nbsp;<\/p>\n<p>Fuente: EUROPA PRESS<\/p>\n","protected":false},"excerpt":{"rendered":"<p>MADRID, (EUROPA PRESS) \u2013 &nbsp; El dirigente opositor venezolano Juan <a href=\"https:\/\/sertv.gob.pa\/nacionalfm\/guaido-insiste-en-que-no-hay-garantia-de-elecciones-libres-y-evita-valorar-la-participacion-en-noviembre\/\"> [&#8230;]<\/a><\/p>\n","protected":false},"author":9,"featured_media":73400,"comment_status":"closed","ping_status":"closed","sticky":false,"template":"","format":"standard","meta":{"footnotes":""},"categories":[3],"tags":[],"class_list":["post-73399","post","type-post","status-publish","format-standard","has-post-thumbnail","hentry","category-internacionales"],"_links":{"self":[{"href":"https:\/\/sertv.gob.pa\/nacionalfm\/wp-json\/wp\/v2\/posts\/73399","targetHints":{"allow":["GET"]}}],"collection":[{"href":"https:\/\/sertv.gob.pa\/nacionalfm\/wp-json\/wp\/v2\/posts"}],"about":[{"href":"https:\/\/sertv.gob.pa\/nacionalfm\/wp-json\/wp\/v2\/types\/post"}],"author":[{"embeddable":true,"href":"https:\/\/sertv.gob.pa\/nacionalfm\/wp-json\/wp\/v2\/users\/9"}],"replies":[{"embeddable":true,"href":"https:\/\/sertv.gob.pa\/nacionalfm\/wp-json\/wp\/v2\/comments?post=73399"}],"version-history":[{"count":1,"href":"https:\/\/sertv.gob.pa\/nacionalfm\/wp-json\/wp\/v2\/posts\/73399\/revisions"}],"predecessor-version":[{"id":73401,"href":"https:\/\/sertv.gob.pa\/nacionalfm\/wp-json\/wp\/v2\/posts\/73399\/revisions\/73401"}],"wp:featuredmedia":[{"embeddable":true,"href":"https:\/\/sertv.gob.pa\/nacionalfm\/wp-json\/wp\/v2\/media\/73400"}],"wp:attachment":[{"href":"https:\/\/sertv.gob.pa\/nacionalfm\/wp-json\/wp\/v2\/media?parent=73399"}],"wp:term":[{"taxonomy":"category","embeddable":true,"href":"https:\/\/sertv.gob.pa\/nacionalfm\/wp-json\/wp\/v2\/categories?post=73399"},{"taxonomy":"post_tag","embeddable":true,"href":"https:\/\/sertv.gob.pa\/nacionalfm\/wp-json\/wp\/v2\/tags?post=73399"}],"curies":[{"name":"wp","href":"https:\/\/api.w.org\/{rel}","templated":true}]}}