{"id":73405,"date":"2021-09-03T18:35:42","date_gmt":"2021-09-03T18:35:42","guid":{"rendered":"https:\/\/sertv.gob.pa\/nacionalfm\/?p=73405"},"modified":"2021-09-03T18:35:42","modified_gmt":"2021-09-03T18:35:42","slug":"el-barco-de-la-ong-sea-eye-pone-rumbo-a-sicilia-para-presionar-en-el-desembarco-de-migrantes","status":"publish","type":"post","link":"https:\/\/sertv.gob.pa\/nacionalfm\/el-barco-de-la-ong-sea-eye-pone-rumbo-a-sicilia-para-presionar-en-el-desembarco-de-migrantes\/","title":{"rendered":"El barco de la ONG Sea-Eye pone rumbo a Sicilia para presionar en el desembarco de migrantes"},"content":{"rendered":"<p>El &#8216;Sea-Eye 4&#8217;, el barco de rescate gestionado por la ONG hom\u00f3nima, ha puesto rumbo a Sicilia con 29 migrantes y refugiados a bordo para intentar presionar a las autoridades italianas y que autoricen el desembarco, en particular porque hay mujeres embarazadas y beb\u00e9s de corta edad a bordo.<\/p>\n<p>La Guardia Costera de Italia ha rechazado una petici\u00f3n de Sea-Eye para llevar a tierra al grupo rescatado el mi\u00e9rcoles por la ma\u00f1ana, en el que hay 18 menores de edad. \u00abTuvieron mucha suerte de que les encontr\u00e1semos\u00bb, poco antes de un temporal, ha contado en un comunicado una portavoz de la organizaci\u00f3n, Sophie Weidenhiller.<\/p>\n<p>La ONG ha se\u00f1alado que hay mujeres en avanzado estado de gestaci\u00f3n a bordo, as\u00ed como beb\u00e9s, por lo que ha decidido dirigirse a Sicilia al margen de las consideraciones de autoridades italianas. Weidenhiller cree que \u00abser\u00eda irresponsable dejar que esas mujeres diesen a luz en alta mar en un peque\u00f1o barco medicalizado\u00bb.<\/p>\n<p>Sea-Eye ha se\u00f1alado que seguir\u00e1 pidiendo ayuda al Gobierno de Italia y al de Alemania &#8211;pa\u00eds de la ONG&#8211; para resolver esta situaci\u00f3n. Las autoridades italianas suelen estudiar caso por caso antes de dar luz verde al desembarco y, una vez en puerto, pueden retener el barco por supuestas irregularidades.<\/p>\n<p>La Organizaci\u00f3n Internacional para las Migraciones (OIM) estima que m\u00e1s de 1.300 personas han muerto o desaparecido en el Mediterr\u00e1neo en lo que va de a\u00f1o, de las cuales 1.100 habr\u00edan perecido en la zona central, que conecta pa\u00edses como Libia con Italia.<\/p>\n<p>Adem\u00e1s, a Italia ya han llegado este caso casi 40.000 migrantes, casi el doble que en el mismo periodo que el a\u00f1o pasado, seg\u00fan datos del Ministerio del Interior.<\/p>\n<p>&nbsp;<\/p>\n<p>Fuente: EUROPA PRESS<\/p>\n<p>&nbsp;<\/p>\n","protected":false},"excerpt":{"rendered":"<p>El &#8216;Sea-Eye 4&#8217;, el barco de rescate gestionado por la <a href=\"https:\/\/sertv.gob.pa\/nacionalfm\/el-barco-de-la-ong-sea-eye-pone-rumbo-a-sicilia-para-presionar-en-el-desembarco-de-migrantes\/\"> [&#8230;]<\/a><\/p>\n","protected":false},"author":9,"featured_media":73406,"comment_status":"closed","ping_status":"closed","sticky":false,"template":"","format":"standard","meta":{"footnotes":""},"categories":[3],"tags":[],"class_list":["post-73405","post","type-post","status-publish","format-standard","has-post-thumbnail","hentry","category-internacionales"],"_links":{"self":[{"href":"https:\/\/sertv.gob.pa\/nacionalfm\/wp-json\/wp\/v2\/posts\/73405","targetHints":{"allow":["GET"]}}],"collection":[{"href":"https:\/\/sertv.gob.pa\/nacionalfm\/wp-json\/wp\/v2\/posts"}],"about":[{"href":"https:\/\/sertv.gob.pa\/nacionalfm\/wp-json\/wp\/v2\/types\/post"}],"author":[{"embeddable":true,"href":"https:\/\/sertv.gob.pa\/nacionalfm\/wp-json\/wp\/v2\/users\/9"}],"replies":[{"embeddable":true,"href":"https:\/\/sertv.gob.pa\/nacionalfm\/wp-json\/wp\/v2\/comments?post=73405"}],"version-history":[{"count":1,"href":"https:\/\/sertv.gob.pa\/nacionalfm\/wp-json\/wp\/v2\/posts\/73405\/revisions"}],"predecessor-version":[{"id":73407,"href":"https:\/\/sertv.gob.pa\/nacionalfm\/wp-json\/wp\/v2\/posts\/73405\/revisions\/73407"}],"wp:featuredmedia":[{"embeddable":true,"href":"https:\/\/sertv.gob.pa\/nacionalfm\/wp-json\/wp\/v2\/media\/73406"}],"wp:attachment":[{"href":"https:\/\/sertv.gob.pa\/nacionalfm\/wp-json\/wp\/v2\/media?parent=73405"}],"wp:term":[{"taxonomy":"category","embeddable":true,"href":"https:\/\/sertv.gob.pa\/nacionalfm\/wp-json\/wp\/v2\/categories?post=73405"},{"taxonomy":"post_tag","embeddable":true,"href":"https:\/\/sertv.gob.pa\/nacionalfm\/wp-json\/wp\/v2\/tags?post=73405"}],"curies":[{"name":"wp","href":"https:\/\/api.w.org\/{rel}","templated":true}]}}