{"id":73447,"date":"2021-09-06T18:22:23","date_gmt":"2021-09-06T18:22:23","guid":{"rendered":"https:\/\/sertv.gob.pa\/nacionalfm\/?p=73447"},"modified":"2021-09-06T18:22:23","modified_gmt":"2021-09-06T18:22:23","slug":"la-onu-lleva-un-nuevo-avion-con-suministros-medicos-al-norte-de-afganistan","status":"publish","type":"post","link":"https:\/\/sertv.gob.pa\/nacionalfm\/la-onu-lleva-un-nuevo-avion-con-suministros-medicos-al-norte-de-afganistan\/","title":{"rendered":"La ONU lleva un nuevo avi\u00f3n con suministros m\u00e9dicos al norte de Afganist\u00e1n"},"content":{"rendered":"<p><strong><em>MADRID, (EUROPA PRESS) &#8211;<\/em><\/strong><\/p>\n<p>&nbsp;<\/p>\n<p>Un avi\u00f3n con m\u00e1s de 50 toneladas de suministros de Naciones Unidas ha aterrizado este lunes en la ciudad afgana de Mazar e Sharif, con el objetivo de repartir productos m\u00e9dicos y kits para tratar la desnutrici\u00f3n entre distintas instalaciones sanitarias.<\/p>\n<p>La Organizaci\u00f3n Mundial de la Salud (OMS) ha informado de la llegada de un cargamento de 53 toneladas coordinado con el Programa Mundial de Alimentos (PMA). A bordo de la aeronave han llegado 780 lotes m\u00e9dicos y otros 50 destinados al tratamiento de la desnutrici\u00f3n aguda en ni\u00f1os.<\/p>\n<p>Las dos agencias tienen previsto fletar un total de tres aviones para garantizar la llegada de productos que, seg\u00fan la OMS, \u00abse necesitan de forma urgente\u00bb. Los equipos de la agencia \u00abest\u00e1n sobre el terreno para repartir los suministros en las instalaciones m\u00e9dicas que m\u00e1s los necesitan\u00bb, ha explicado en Twitter.<\/p>\n<p>Los talib\u00e1n han prometido que garantizar\u00e1n la llegada de la ayuda humanitaria, algo que le trasladaron el domingo al secretario general adjunto de Asuntos Humanitarios de la ONU, Martin Griffiths, durante una reuni\u00f3n en Kabul en la que asistieron, entre otros l\u00edderes insurgentes, el mul\u00e1 Abdul Ghani Baradar.<\/p>\n<p>Este lunes, Baradar ha encabezado otro encuentro con el presidente del Comit\u00e9 Internacional de la Cruz Roja (CICR), Peter Maurer, con quien ha hablado igualmente de los retos que afronta el sector sanitario, seg\u00fan mensajes de un portavoz talib\u00e1n en Twitter.<\/p>\n<p>&nbsp;<\/p>\n<p>Fuente: EUROPA PRESS<\/p>\n","protected":false},"excerpt":{"rendered":"<p>MADRID, (EUROPA PRESS) &#8211; &nbsp; Un avi\u00f3n con m\u00e1s de <a href=\"https:\/\/sertv.gob.pa\/nacionalfm\/la-onu-lleva-un-nuevo-avion-con-suministros-medicos-al-norte-de-afganistan\/\"> [&#8230;]<\/a><\/p>\n","protected":false},"author":9,"featured_media":73448,"comment_status":"closed","ping_status":"closed","sticky":false,"template":"","format":"standard","meta":{"footnotes":""},"categories":[3],"tags":[],"class_list":["post-73447","post","type-post","status-publish","format-standard","has-post-thumbnail","hentry","category-internacionales"],"_links":{"self":[{"href":"https:\/\/sertv.gob.pa\/nacionalfm\/wp-json\/wp\/v2\/posts\/73447","targetHints":{"allow":["GET"]}}],"collection":[{"href":"https:\/\/sertv.gob.pa\/nacionalfm\/wp-json\/wp\/v2\/posts"}],"about":[{"href":"https:\/\/sertv.gob.pa\/nacionalfm\/wp-json\/wp\/v2\/types\/post"}],"author":[{"embeddable":true,"href":"https:\/\/sertv.gob.pa\/nacionalfm\/wp-json\/wp\/v2\/users\/9"}],"replies":[{"embeddable":true,"href":"https:\/\/sertv.gob.pa\/nacionalfm\/wp-json\/wp\/v2\/comments?post=73447"}],"version-history":[{"count":1,"href":"https:\/\/sertv.gob.pa\/nacionalfm\/wp-json\/wp\/v2\/posts\/73447\/revisions"}],"predecessor-version":[{"id":73450,"href":"https:\/\/sertv.gob.pa\/nacionalfm\/wp-json\/wp\/v2\/posts\/73447\/revisions\/73450"}],"wp:featuredmedia":[{"embeddable":true,"href":"https:\/\/sertv.gob.pa\/nacionalfm\/wp-json\/wp\/v2\/media\/73448"}],"wp:attachment":[{"href":"https:\/\/sertv.gob.pa\/nacionalfm\/wp-json\/wp\/v2\/media?parent=73447"}],"wp:term":[{"taxonomy":"category","embeddable":true,"href":"https:\/\/sertv.gob.pa\/nacionalfm\/wp-json\/wp\/v2\/categories?post=73447"},{"taxonomy":"post_tag","embeddable":true,"href":"https:\/\/sertv.gob.pa\/nacionalfm\/wp-json\/wp\/v2\/tags?post=73447"}],"curies":[{"name":"wp","href":"https:\/\/api.w.org\/{rel}","templated":true}]}}