{"id":73457,"date":"2021-09-06T19:15:05","date_gmt":"2021-09-06T19:15:05","guid":{"rendered":"https:\/\/sertv.gob.pa\/nacionalfm\/?p=73457"},"modified":"2021-09-06T19:15:05","modified_gmt":"2021-09-06T19:15:05","slug":"la-otan-expresa-su-alarma-por-la-construccion-de-nuevos-silos-nucleares-chinos","status":"publish","type":"post","link":"https:\/\/sertv.gob.pa\/nacionalfm\/la-otan-expresa-su-alarma-por-la-construccion-de-nuevos-silos-nucleares-chinos\/","title":{"rendered":"La OTAN expresa su alarma por la construcci\u00f3n de nuevos silos nucleares chinos"},"content":{"rendered":"<p><strong><em>BRUSELAS, (DPA\/EP) &#8211;<\/em><\/strong><\/p>\n<p>&nbsp;<\/p>\n<p>El secretario general de la OTAN, Jens Stoltenberg, ha manifestado este lunes su preocupaci\u00f3n por las informaciones sobre la construcci\u00f3n de nuevos silos nucleares chinos que podr\u00edan incrementar significativamente la capacidad nuclear del gigante asi\u00e1tico.<\/p>\n<p>Stoltenberg ha llamado la atenci\u00f3n adem\u00e1s sobre la r\u00e1pida ampliaci\u00f3n del arsenal nuclear de China con nuevas cabezas nucleares y nuevos sistemas de transporte de las mismas m\u00e1s sofisticados, todo ello sin restricciones ni transparencia.<\/p>\n<p>\u00abChina, como potencia global, tiene responsabilidades globales en control armament\u00edstico\u00bb, ha apuntado Stoltenberg en referencia a la negativa de Pek\u00edn a negociar sobre este \u00e1mbito.<\/p>\n<p>Para el m\u00e1ximo responsable pol\u00edtico de la OTAN, un mayor compromiso chino sobre armas nucleares tambi\u00e9n supondr\u00eda beneficios en el sentido de limitaciones mutuas, mayor transparencia y mayor predecibilidad.<\/p>\n<p>La Federaci\u00f3n de Cient\u00edficos de Estados Unidos (FAS, por sus siglas en ingl\u00e9s) public\u00f3 a finales de julio un estudio sobre la construcci\u00f3n de silos vali\u00e9ndose de im\u00e1genes de sat\u00e9lites que revel\u00f3 nuevos silos cerca de Hami, en la regi\u00f3n de Xinjiang. Poco antes, &#8216;The Washington Post&#8217; inform\u00f3 de otros silos de lanzamiento cerca de Yumen, provincia de Gansu.<\/p>\n<p>En total se estima que habr\u00eda m\u00e1s de 200 silos de misiles m\u00e1s, seg\u00fan la FAS, con lo que China superar\u00eda a Rusia y llegar\u00eda a la mitad de las cifras de Estados Unidos. La FAS estima que China cuenta con 350 cabezas nucleares, mientras que Rusia y Estados Unidos tienen unas 4.000 cada uno.<\/p>\n<p>&nbsp;<\/p>\n<p>Fuente: EUROPA PRESS<\/p>\n","protected":false},"excerpt":{"rendered":"<p>BRUSELAS, (DPA\/EP) &#8211; &nbsp; El secretario general de la OTAN, <a href=\"https:\/\/sertv.gob.pa\/nacionalfm\/la-otan-expresa-su-alarma-por-la-construccion-de-nuevos-silos-nucleares-chinos\/\"> [&#8230;]<\/a><\/p>\n","protected":false},"author":9,"featured_media":73458,"comment_status":"closed","ping_status":"closed","sticky":false,"template":"","format":"standard","meta":{"footnotes":""},"categories":[3],"tags":[],"class_list":["post-73457","post","type-post","status-publish","format-standard","has-post-thumbnail","hentry","category-internacionales"],"_links":{"self":[{"href":"https:\/\/sertv.gob.pa\/nacionalfm\/wp-json\/wp\/v2\/posts\/73457","targetHints":{"allow":["GET"]}}],"collection":[{"href":"https:\/\/sertv.gob.pa\/nacionalfm\/wp-json\/wp\/v2\/posts"}],"about":[{"href":"https:\/\/sertv.gob.pa\/nacionalfm\/wp-json\/wp\/v2\/types\/post"}],"author":[{"embeddable":true,"href":"https:\/\/sertv.gob.pa\/nacionalfm\/wp-json\/wp\/v2\/users\/9"}],"replies":[{"embeddable":true,"href":"https:\/\/sertv.gob.pa\/nacionalfm\/wp-json\/wp\/v2\/comments?post=73457"}],"version-history":[{"count":1,"href":"https:\/\/sertv.gob.pa\/nacionalfm\/wp-json\/wp\/v2\/posts\/73457\/revisions"}],"predecessor-version":[{"id":73459,"href":"https:\/\/sertv.gob.pa\/nacionalfm\/wp-json\/wp\/v2\/posts\/73457\/revisions\/73459"}],"wp:featuredmedia":[{"embeddable":true,"href":"https:\/\/sertv.gob.pa\/nacionalfm\/wp-json\/wp\/v2\/media\/73458"}],"wp:attachment":[{"href":"https:\/\/sertv.gob.pa\/nacionalfm\/wp-json\/wp\/v2\/media?parent=73457"}],"wp:term":[{"taxonomy":"category","embeddable":true,"href":"https:\/\/sertv.gob.pa\/nacionalfm\/wp-json\/wp\/v2\/categories?post=73457"},{"taxonomy":"post_tag","embeddable":true,"href":"https:\/\/sertv.gob.pa\/nacionalfm\/wp-json\/wp\/v2\/tags?post=73457"}],"curies":[{"name":"wp","href":"https:\/\/api.w.org\/{rel}","templated":true}]}}