{"id":73504,"date":"2021-09-07T21:48:46","date_gmt":"2021-09-07T21:48:46","guid":{"rendered":"https:\/\/sertv.gob.pa\/nacionalfm\/?p=73504"},"modified":"2021-09-07T21:48:46","modified_gmt":"2021-09-07T21:48:46","slug":"al-menos-16-muertos-por-la-inundacion-de-un-hospital-en-mexico","status":"publish","type":"post","link":"https:\/\/sertv.gob.pa\/nacionalfm\/al-menos-16-muertos-por-la-inundacion-de-un-hospital-en-mexico\/","title":{"rendered":"Al menos 16 muertos por la inundaci\u00f3n de un hospital en M\u00e9xico"},"content":{"rendered":"<p><strong><em>MADRID, (EUROPA PRESS) \u2013<\/em><\/strong><\/p>\n<p><strong><em>\u00a0<\/em><\/strong><\/p>\n<p>Al menos 16 personas han muerto como consecuencia de una inundaci\u00f3n en el Hospital General de Zona No.5 de Tula, estado de Hidalgo, al norte de Ciudad de M\u00e9xico, seg\u00fan el \u00faltimo balance oficial.<\/p>\n<p>La directora de Coordinaci\u00f3n Nacional de Protecci\u00f3n Civil, Laura Vel\u00e1zquez Alz\u00faa, ha explicado que sobre las 18.00 horas del lunes \u00abempez\u00f3 una fuerte lluvia\u00bb en la regi\u00f3n.<\/p>\n<p>Las inundaciones afectaron la parte baja del hospital y los pacientes fueron subidos al primer piso. La inundaci\u00f3n provoc\u00f3 da\u00f1os en un transformador, lo que afect\u00f3 el suministro de energ\u00eda el\u00e9ctrica.<\/p>\n<p>Las autoridades han activado el Plan DN-III para atender a los damnificados, ha destacado la Presidencia mexicana a trav\u00e9s de un comunicado.<\/p>\n<p>Las im\u00e1genes difundidas en redes sociales muestran a personas intentando sacar a sus familiares en camilla del recinto hospitalario tras verse sorprendidos por la crecida.<\/p>\n<p>&nbsp;<\/p>\n<p>Fuente. EUROPA PRESS<\/p>\n<p>&nbsp;<\/p>\n","protected":false},"excerpt":{"rendered":"<p>MADRID, (EUROPA PRESS) \u2013 \u00a0 Al menos 16 personas han <a href=\"https:\/\/sertv.gob.pa\/nacionalfm\/al-menos-16-muertos-por-la-inundacion-de-un-hospital-en-mexico\/\"> [&#8230;]<\/a><\/p>\n","protected":false},"author":9,"featured_media":73505,"comment_status":"closed","ping_status":"closed","sticky":false,"template":"","format":"standard","meta":{"footnotes":""},"categories":[3],"tags":[],"class_list":["post-73504","post","type-post","status-publish","format-standard","has-post-thumbnail","hentry","category-internacionales"],"_links":{"self":[{"href":"https:\/\/sertv.gob.pa\/nacionalfm\/wp-json\/wp\/v2\/posts\/73504","targetHints":{"allow":["GET"]}}],"collection":[{"href":"https:\/\/sertv.gob.pa\/nacionalfm\/wp-json\/wp\/v2\/posts"}],"about":[{"href":"https:\/\/sertv.gob.pa\/nacionalfm\/wp-json\/wp\/v2\/types\/post"}],"author":[{"embeddable":true,"href":"https:\/\/sertv.gob.pa\/nacionalfm\/wp-json\/wp\/v2\/users\/9"}],"replies":[{"embeddable":true,"href":"https:\/\/sertv.gob.pa\/nacionalfm\/wp-json\/wp\/v2\/comments?post=73504"}],"version-history":[{"count":1,"href":"https:\/\/sertv.gob.pa\/nacionalfm\/wp-json\/wp\/v2\/posts\/73504\/revisions"}],"predecessor-version":[{"id":73506,"href":"https:\/\/sertv.gob.pa\/nacionalfm\/wp-json\/wp\/v2\/posts\/73504\/revisions\/73506"}],"wp:featuredmedia":[{"embeddable":true,"href":"https:\/\/sertv.gob.pa\/nacionalfm\/wp-json\/wp\/v2\/media\/73505"}],"wp:attachment":[{"href":"https:\/\/sertv.gob.pa\/nacionalfm\/wp-json\/wp\/v2\/media?parent=73504"}],"wp:term":[{"taxonomy":"category","embeddable":true,"href":"https:\/\/sertv.gob.pa\/nacionalfm\/wp-json\/wp\/v2\/categories?post=73504"},{"taxonomy":"post_tag","embeddable":true,"href":"https:\/\/sertv.gob.pa\/nacionalfm\/wp-json\/wp\/v2\/tags?post=73504"}],"curies":[{"name":"wp","href":"https:\/\/api.w.org\/{rel}","templated":true}]}}