{"id":73584,"date":"2021-09-09T16:37:18","date_gmt":"2021-09-09T16:37:18","guid":{"rendered":"https:\/\/sertv.gob.pa\/nacionalfm\/?p=73584"},"modified":"2021-09-09T16:37:18","modified_gmt":"2021-09-09T16:37:18","slug":"kenia-declara-el-estado-de-desastre-nacional-por-la-fuerte-sequia","status":"publish","type":"post","link":"https:\/\/sertv.gob.pa\/nacionalfm\/kenia-declara-el-estado-de-desastre-nacional-por-la-fuerte-sequia\/","title":{"rendered":"Kenia declara el estado de desastre nacional por la fuerte sequ\u00eda"},"content":{"rendered":"<p><strong><em>MADRID, (EUROPA PRESS) \u2013<\/em><\/strong><\/p>\n<p>&nbsp;<\/p>\n<p>El presidente de Kenia, Uhuru Kenyatta, ha declarado el estado de desastre nacional, despu\u00e9s de que la sequ\u00eda est\u00e9 afectando a tres cuartas partes del pa\u00eds, en especial en la zona norte, donde han ca\u00eddo menos del 50 por ciento de las precipitaciones habituales.<\/p>\n<p>Kenyatta ha tomado la decisi\u00f3n despu\u00e9s de una reuni\u00f3n mantenida con los 85 l\u00edderes de las Tierras \u00c1ridas y Semi\u00e1ridas de Kenia (ASAL), encabezados por el ministro del Tesoro, Ukur Yatani, informa el diario local &#8216;The Standard&#8217;.<\/p>\n<p>La severa sequ\u00eda est\u00e1 golpeando a diez de los 47 condados del pa\u00eds, afectando a cerca de dos millones de personas, la mayor\u00eda dedicados a la agricultura y al pastoreo. Las autoridades prev\u00e9n que la situaci\u00f3n contin\u00fae as\u00ed hasta finales de septiembre.<\/p>\n<p>Kenyatta ha dado instrucciones al Tesoro Nacional y al Ministerio del Interior para que, en coordinaci\u00f3n con el resto de \u00e1reas del Gobierno, encabecen las medidas necesarias para paliar este problema, entre ellas la distribuci\u00f3n de agua y alimentos de primera necesidad y avituallamiento para el ganado.<\/p>\n<p>&nbsp;<\/p>\n<p>Fuente: EUROPA PRESS<\/p>\n","protected":false},"excerpt":{"rendered":"<p>MADRID, (EUROPA PRESS) \u2013 &nbsp; El presidente de Kenia, Uhuru <a href=\"https:\/\/sertv.gob.pa\/nacionalfm\/kenia-declara-el-estado-de-desastre-nacional-por-la-fuerte-sequia\/\"> [&#8230;]<\/a><\/p>\n","protected":false},"author":9,"featured_media":73585,"comment_status":"closed","ping_status":"closed","sticky":false,"template":"","format":"standard","meta":{"footnotes":""},"categories":[3],"tags":[],"class_list":["post-73584","post","type-post","status-publish","format-standard","has-post-thumbnail","hentry","category-internacionales"],"_links":{"self":[{"href":"https:\/\/sertv.gob.pa\/nacionalfm\/wp-json\/wp\/v2\/posts\/73584","targetHints":{"allow":["GET"]}}],"collection":[{"href":"https:\/\/sertv.gob.pa\/nacionalfm\/wp-json\/wp\/v2\/posts"}],"about":[{"href":"https:\/\/sertv.gob.pa\/nacionalfm\/wp-json\/wp\/v2\/types\/post"}],"author":[{"embeddable":true,"href":"https:\/\/sertv.gob.pa\/nacionalfm\/wp-json\/wp\/v2\/users\/9"}],"replies":[{"embeddable":true,"href":"https:\/\/sertv.gob.pa\/nacionalfm\/wp-json\/wp\/v2\/comments?post=73584"}],"version-history":[{"count":1,"href":"https:\/\/sertv.gob.pa\/nacionalfm\/wp-json\/wp\/v2\/posts\/73584\/revisions"}],"predecessor-version":[{"id":73586,"href":"https:\/\/sertv.gob.pa\/nacionalfm\/wp-json\/wp\/v2\/posts\/73584\/revisions\/73586"}],"wp:featuredmedia":[{"embeddable":true,"href":"https:\/\/sertv.gob.pa\/nacionalfm\/wp-json\/wp\/v2\/media\/73585"}],"wp:attachment":[{"href":"https:\/\/sertv.gob.pa\/nacionalfm\/wp-json\/wp\/v2\/media?parent=73584"}],"wp:term":[{"taxonomy":"category","embeddable":true,"href":"https:\/\/sertv.gob.pa\/nacionalfm\/wp-json\/wp\/v2\/categories?post=73584"},{"taxonomy":"post_tag","embeddable":true,"href":"https:\/\/sertv.gob.pa\/nacionalfm\/wp-json\/wp\/v2\/tags?post=73584"}],"curies":[{"name":"wp","href":"https:\/\/api.w.org\/{rel}","templated":true}]}}