{"id":7359,"date":"2015-09-10T17:53:36","date_gmt":"2015-09-10T17:53:36","guid":{"rendered":""},"modified":"2015-09-10T17:53:36","modified_gmt":"2015-09-10T17:53:36","slug":"adultos-panamenos-en-un-67-tienen-sobrepeso","status":"publish","type":"post","link":"https:\/\/sertv.gob.pa\/nacionalfm\/adultos-panamenos-en-un-67-tienen-sobrepeso\/","title":{"rendered":"Adultos paname\u00f1os, en un 67%,  tienen sobrepeso"},"content":{"rendered":"<p>\nUn informe del  Ministerio de Salud \u00a0(Minsa) dado a conocer\u00a0el mi\u00e9rcoles, 9 de septiembre de 2015, se\u00f1ala que el 67% de los adultos paname\u00f1os\u00a0tiene exceso de peso. <\/p>\n<p>El documento, presentado por el Departamento de Salud Nutricional, registr\u00f3 el peso de mil 477 adultos en todo el pa\u00eds,\u00a0a trav\u00e9s del llamado Monitoreo del Estado Nutricional. <\/p>\n<p>\u00abA nivel nacional el exceso de peso fue de 67% siendo el sobrepeso registrado de 39% y la obesidad de 28%. Las regiones con mayores prevalencias fueron Bocas del Toro (87%), Chiriqu\u00ed (76.8%) y Col\u00f3n (72.9%)\u00bb, precisa el documento. <\/p>\n<p>El Minsa igualmente encontr\u00f3 sobrepeso en las embarazadas. <\/p>\n<p>\u00a0 <\/p>\n<p>\u00a0 <\/p>\n","protected":false},"excerpt":{"rendered":"<p>Un informe del Ministerio de Salud \u00a0(Minsa) dado a conocer\u00a0el <a href=\"https:\/\/sertv.gob.pa\/nacionalfm\/adultos-panamenos-en-un-67-tienen-sobrepeso\/\"> [&#8230;]<\/a><\/p>\n","protected":false},"author":1,"featured_media":7360,"comment_status":"closed","ping_status":"closed","sticky":false,"template":"","format":"standard","meta":{"footnotes":""},"categories":[5],"tags":[],"class_list":["post-7359","post","type-post","status-publish","format-standard","has-post-thumbnail","hentry","category-salud"],"_links":{"self":[{"href":"https:\/\/sertv.gob.pa\/nacionalfm\/wp-json\/wp\/v2\/posts\/7359","targetHints":{"allow":["GET"]}}],"collection":[{"href":"https:\/\/sertv.gob.pa\/nacionalfm\/wp-json\/wp\/v2\/posts"}],"about":[{"href":"https:\/\/sertv.gob.pa\/nacionalfm\/wp-json\/wp\/v2\/types\/post"}],"author":[{"embeddable":true,"href":"https:\/\/sertv.gob.pa\/nacionalfm\/wp-json\/wp\/v2\/users\/1"}],"replies":[{"embeddable":true,"href":"https:\/\/sertv.gob.pa\/nacionalfm\/wp-json\/wp\/v2\/comments?post=7359"}],"version-history":[{"count":0,"href":"https:\/\/sertv.gob.pa\/nacionalfm\/wp-json\/wp\/v2\/posts\/7359\/revisions"}],"wp:featuredmedia":[{"embeddable":true,"href":"https:\/\/sertv.gob.pa\/nacionalfm\/wp-json\/wp\/v2\/media\/7360"}],"wp:attachment":[{"href":"https:\/\/sertv.gob.pa\/nacionalfm\/wp-json\/wp\/v2\/media?parent=7359"}],"wp:term":[{"taxonomy":"category","embeddable":true,"href":"https:\/\/sertv.gob.pa\/nacionalfm\/wp-json\/wp\/v2\/categories?post=7359"},{"taxonomy":"post_tag","embeddable":true,"href":"https:\/\/sertv.gob.pa\/nacionalfm\/wp-json\/wp\/v2\/tags?post=7359"}],"curies":[{"name":"wp","href":"https:\/\/api.w.org\/{rel}","templated":true}]}}