{"id":73894,"date":"2021-09-17T18:41:02","date_gmt":"2021-09-17T18:41:02","guid":{"rendered":"https:\/\/sertv.gob.pa\/nacionalfm\/?p=73894"},"modified":"2021-09-17T18:41:02","modified_gmt":"2021-09-17T18:41:02","slug":"la-onu-pide-a-los-paises-redoblar-urgentemente-sus-esfuerzos-contra-el-cambio-climatico","status":"publish","type":"post","link":"https:\/\/sertv.gob.pa\/nacionalfm\/la-onu-pide-a-los-paises-redoblar-urgentemente-sus-esfuerzos-contra-el-cambio-climatico\/","title":{"rendered":"La ONU pide a los pa\u00edses redoblar urgentemente sus esfuerzos contra el cambio clim\u00e1tico"},"content":{"rendered":"<p><strong><em>MADRID, (EUROPA PRESS) \u2013<\/em><\/strong><\/p>\n<p><strong><em>\u00a0<\/em><\/strong><\/p>\n<p>ONU Cambio Clim\u00e1tico ha publicado este viernes una s\u00edntesis de los planes de acci\u00f3n clim\u00e1tica recogidos en las contribuciones determinadas a nivel nacional (NDC, por sus siglas en ingl\u00e9s) y ha pedido a los pa\u00edses \u00abredoblar urgentemente\u00bb sus esfuerzos contra el cambio clim\u00e1tico.<\/p>\n<p>El informe pone de manifiesto el \u00abaumento considerable\u00bb de las emisiones globales de GEI (Gases Efecto Invernadero) en 2030 en comparaci\u00f3n con el a\u00f1o 2010. En concreto, han explicado que supondr\u00eda una diferencia de alrededor del 16 por ciento.<\/p>\n<p>En este sentido, seg\u00fan las \u00faltimas conclusiones del Grupo Intergubernamental de Expertos sobre el Cambio Clim\u00e1tico (IPCC), ese aumento, \u00aba menos que se modifique r\u00e1pidamente\u00bb, puede provocar un incremento de la temperatura de unos 2,7 \u00baC a finales de siglo.<\/p>\n<p>Para el grupo 113 Partes del Acuerdo de Par\u00eds &#8212; hay 191&#8211; con contribuciones determinadas a nivel nacional nuevas o actualizadas, la ONU ha determinado que se prev\u00e9 que las emisiones de gases de efecto invernadero disminuyan un 12 por ciento en el a\u00f1o 2030 en comparaci\u00f3n con 2010. Se trata de un paso importante hacia las reducciones se\u00f1aladas por el IPCC, ya que abarcan aproximadamente el 59 por ciento de las Partes del Acuerdo de Par\u00eds.<\/p>\n<p>Por todo esto, la secretaria ejecutiva de la ONU Cambio Clim\u00e1tico, Patricia Espinosa, ha felicitado a \u00abtodas las Partes que han presentado contribuciones determinadas a nivel nacional o nuevas\u00bb, y que \u00abla s\u00edntesis muestra que los pa\u00edses est\u00e1n avanzando hacia los objetivos de temperatura del Acuerdo de Par\u00eds\u00bb, ha a\u00f1adido.<\/p>\n<p>Por otra parte, Espinosa ha recordado \u00abla importancia\u00bb del apoyo a los pa\u00edses en desarrollo. Ha reclamado \u00abalcanzar el pico de emisiones lo antes posible antes de 2030\u00bb y apoyar a estos pa\u00edses \u00abpara que aumenten su resiliencia al cambio clim\u00e1tico\u00bb.<\/p>\n<p>&nbsp;<\/p>\n<p>Fuente: EUROPA PRESS<\/p>\n<p>&nbsp;<\/p>\n","protected":false},"excerpt":{"rendered":"<p>MADRID, (EUROPA PRESS) \u2013 \u00a0 ONU Cambio Clim\u00e1tico ha publicado <a href=\"https:\/\/sertv.gob.pa\/nacionalfm\/la-onu-pide-a-los-paises-redoblar-urgentemente-sus-esfuerzos-contra-el-cambio-climatico\/\"> [&#8230;]<\/a><\/p>\n","protected":false},"author":9,"featured_media":73895,"comment_status":"closed","ping_status":"closed","sticky":false,"template":"","format":"standard","meta":{"footnotes":""},"categories":[3],"tags":[],"class_list":["post-73894","post","type-post","status-publish","format-standard","has-post-thumbnail","hentry","category-internacionales"],"_links":{"self":[{"href":"https:\/\/sertv.gob.pa\/nacionalfm\/wp-json\/wp\/v2\/posts\/73894","targetHints":{"allow":["GET"]}}],"collection":[{"href":"https:\/\/sertv.gob.pa\/nacionalfm\/wp-json\/wp\/v2\/posts"}],"about":[{"href":"https:\/\/sertv.gob.pa\/nacionalfm\/wp-json\/wp\/v2\/types\/post"}],"author":[{"embeddable":true,"href":"https:\/\/sertv.gob.pa\/nacionalfm\/wp-json\/wp\/v2\/users\/9"}],"replies":[{"embeddable":true,"href":"https:\/\/sertv.gob.pa\/nacionalfm\/wp-json\/wp\/v2\/comments?post=73894"}],"version-history":[{"count":1,"href":"https:\/\/sertv.gob.pa\/nacionalfm\/wp-json\/wp\/v2\/posts\/73894\/revisions"}],"predecessor-version":[{"id":73898,"href":"https:\/\/sertv.gob.pa\/nacionalfm\/wp-json\/wp\/v2\/posts\/73894\/revisions\/73898"}],"wp:featuredmedia":[{"embeddable":true,"href":"https:\/\/sertv.gob.pa\/nacionalfm\/wp-json\/wp\/v2\/media\/73895"}],"wp:attachment":[{"href":"https:\/\/sertv.gob.pa\/nacionalfm\/wp-json\/wp\/v2\/media?parent=73894"}],"wp:term":[{"taxonomy":"category","embeddable":true,"href":"https:\/\/sertv.gob.pa\/nacionalfm\/wp-json\/wp\/v2\/categories?post=73894"},{"taxonomy":"post_tag","embeddable":true,"href":"https:\/\/sertv.gob.pa\/nacionalfm\/wp-json\/wp\/v2\/tags?post=73894"}],"curies":[{"name":"wp","href":"https:\/\/api.w.org\/{rel}","templated":true}]}}