{"id":7391,"date":"2015-09-11T17:37:56","date_gmt":"2015-09-11T17:37:56","guid":{"rendered":""},"modified":"2015-09-11T17:37:56","modified_gmt":"2015-09-11T17:37:56","slug":"primera-cumbre-global-de-salud-masculina-en-panama","status":"publish","type":"post","link":"https:\/\/sertv.gob.pa\/nacionalfm\/primera-cumbre-global-de-salud-masculina-en-panama\/","title":{"rendered":"Primera Cumbre Global de Salud Masculina en Panam\u00e1"},"content":{"rendered":"<p>\nCerca de \u00a0mil asistentes, entre profesionales y estudiantes, un premio Nobel de Qu\u00edmica y una pl\u00e9yade de cient\u00edficos, se reunir\u00e1n en diciembre pr\u00f3ximo en Panam\u00e1 en la Primera Cumbre Global de Salud Masculina, anunciaron los organizadores. <\/p>\n<p>Ingrid Perscky, ur\u00f3loga paname\u00f1a, responsable y creadora del encuentro, explic\u00f3 a Acan-Efe que la cita tiene un presupuesto de alrededor de 250.000 d\u00f3lares, \u00abde los cuales faltan unos 100.000\u00bb. <\/p>\n<p>Agreg\u00f3 que los organizadores han logrado abaratar costos gracias a que varios de los expositores han asumido sus gastos por la relevancia del encuentro. Entre el medio centenar de expositores que asistir\u00e1n a la cita, que se celebrar\u00e1 del 1 al 5 de diciembre pr\u00f3ximo en un centro de convenciones a orillas del Canal de Panam\u00e1, destaca el premio Nobel de Qu\u00edmica Aaron Ciechanover, investigador en ciencias b\u00e1sicas. <\/p>\n<p>El onc\u00f3logo paname\u00f1o Ad\u00e1n R\u00edos, quien trabaja en Estados Unidos en la elaboraci\u00f3n de una vacuna contra el VIH, participar\u00e1 en la reuni\u00f3n, lo mismo que su compatriota Ibis S\u00e1nchez-Serrano, experto genetista. <\/p>\n<p>De acuerdo con Persky, \u00aben las \u00faltimas d\u00e9cadas el \u00e9nfasis en la liberaci\u00f3n femenina y la atenci\u00f3n concentrada hacia las mujeres hizo que la salud masculina quede de lado\u00bb. \u00abSin embargo en el promedio de la sociedad es el hombre quien todav\u00eda efect\u00faa la mayor carga de trabajo, y por h\u00e1bitos culturales no se puede ni quejar\u00bb. <\/p>\n<p>Seg\u00fan un informe sobre los preparativos los asistentes al congreso \u00abrecibir\u00e1n informaci\u00f3n detallada y revolucionaria sobre salud masculina: medicina de g\u00e9nero y personalizada, antropolog\u00eda, gen\u00e9tica, bio\u00e9tica, investigaci\u00f3n, salud p\u00fablica, envejecimiento, urolog\u00eda, medicina sexual, cardiolog\u00eda, endocrinolog\u00eda, geriatr\u00eda, neumolog\u00eda, pediatr\u00eda, psiquiatr\u00eda y cirug\u00eda general\u00bb. <\/p>\n<p>Adem\u00e1s, se conocer\u00e1 los avances en cirug\u00eda pl\u00e1stica, ejercicio y estilo de vida, entre otros temas \u00abque hoy atraen la atenci\u00f3n de cient\u00edficos del mundo\u00bb. De acuerdo con la fuente, para los especialistas este encuentro representar\u00e1 \u00abcerca de 31 horas de educaci\u00f3n m\u00e9dica continua con el aval del Colegio M\u00e9dico de Panam\u00e1\u00bb. <\/p>\n<p>\u00a0 <\/p>\n<p>\u00a0 <\/p>\n","protected":false},"excerpt":{"rendered":"<p>Cerca de \u00a0mil asistentes, entre profesionales y estudiantes, un premio <a href=\"https:\/\/sertv.gob.pa\/nacionalfm\/primera-cumbre-global-de-salud-masculina-en-panama\/\"> [&#8230;]<\/a><\/p>\n","protected":false},"author":1,"featured_media":7392,"comment_status":"closed","ping_status":"closed","sticky":false,"template":"","format":"standard","meta":{"footnotes":""},"categories":[5],"tags":[],"class_list":["post-7391","post","type-post","status-publish","format-standard","has-post-thumbnail","hentry","category-salud"],"_links":{"self":[{"href":"https:\/\/sertv.gob.pa\/nacionalfm\/wp-json\/wp\/v2\/posts\/7391","targetHints":{"allow":["GET"]}}],"collection":[{"href":"https:\/\/sertv.gob.pa\/nacionalfm\/wp-json\/wp\/v2\/posts"}],"about":[{"href":"https:\/\/sertv.gob.pa\/nacionalfm\/wp-json\/wp\/v2\/types\/post"}],"author":[{"embeddable":true,"href":"https:\/\/sertv.gob.pa\/nacionalfm\/wp-json\/wp\/v2\/users\/1"}],"replies":[{"embeddable":true,"href":"https:\/\/sertv.gob.pa\/nacionalfm\/wp-json\/wp\/v2\/comments?post=7391"}],"version-history":[{"count":0,"href":"https:\/\/sertv.gob.pa\/nacionalfm\/wp-json\/wp\/v2\/posts\/7391\/revisions"}],"wp:featuredmedia":[{"embeddable":true,"href":"https:\/\/sertv.gob.pa\/nacionalfm\/wp-json\/wp\/v2\/media\/7392"}],"wp:attachment":[{"href":"https:\/\/sertv.gob.pa\/nacionalfm\/wp-json\/wp\/v2\/media?parent=7391"}],"wp:term":[{"taxonomy":"category","embeddable":true,"href":"https:\/\/sertv.gob.pa\/nacionalfm\/wp-json\/wp\/v2\/categories?post=7391"},{"taxonomy":"post_tag","embeddable":true,"href":"https:\/\/sertv.gob.pa\/nacionalfm\/wp-json\/wp\/v2\/tags?post=7391"}],"curies":[{"name":"wp","href":"https:\/\/api.w.org\/{rel}","templated":true}]}}