{"id":74022,"date":"2021-09-22T17:10:42","date_gmt":"2021-09-22T17:10:42","guid":{"rendered":"https:\/\/sertv.gob.pa\/nacionalfm\/?p=74022"},"modified":"2021-09-22T17:10:42","modified_gmt":"2021-09-22T17:10:42","slug":"registrado-un-potente-terremoto-frente-a-las-costas-de-nicaragua","status":"publish","type":"post","link":"https:\/\/sertv.gob.pa\/nacionalfm\/registrado-un-potente-terremoto-frente-a-las-costas-de-nicaragua\/","title":{"rendered":"Registrado un potente terremoto frente a las costas de Nicaragua"},"content":{"rendered":"<p><strong><em>MADRID, (EUROPA PRESS) \u2013<\/em><\/strong><\/p>\n<p>&nbsp;<\/p>\n<p>Los sism\u00f3grafos han registrado un terremoto de magnitud 6,2 en la escala de Richter a unos 80 kil\u00f3metros de las costas de Nicaragua, seg\u00fan el Instituto Nicarag\u00fcense de Estudios Territoriales (INETER), sin que por ahora haya informaciones sobre su incidencia en tierra.<\/p>\n<p>La tierra tembl\u00f3 a las 3.57 (hora local), fruto de un se\u00edsmo originado a unos 20 kil\u00f3metros de profundidad, seg\u00fan el informe oficial. El Instituto Geol\u00f3gico de Estados Unidos (USGS) eleva esta profundidad por encima de los 30 kil\u00f3metros, mientras que tambi\u00e9n aumenta a 6,5 la magnitud.<\/p>\n<p>El potente se\u00edsmo ha dejado tambi\u00e9n varias r\u00e9plicas, entre ellas al menos una cuya magnitud ha alcanzado los 4,5 y registrada menos de media hora despu\u00e9s del primer terremoto, seg\u00fan el USGS.<\/p>\n<p>Tanto las autoridades salvadore\u00f1as como chilenas han descartado por ahora que exista amenaza de tsunami para la zona.<\/p>\n<p>&nbsp;<\/p>\n<p>Fuente: EUROPA PRESS<\/p>\n","protected":false},"excerpt":{"rendered":"<p>MADRID, (EUROPA PRESS) \u2013 &nbsp; Los sism\u00f3grafos han registrado un <a href=\"https:\/\/sertv.gob.pa\/nacionalfm\/registrado-un-potente-terremoto-frente-a-las-costas-de-nicaragua\/\"> [&#8230;]<\/a><\/p>\n","protected":false},"author":9,"featured_media":74023,"comment_status":"closed","ping_status":"closed","sticky":false,"template":"","format":"standard","meta":{"footnotes":""},"categories":[3],"tags":[],"class_list":["post-74022","post","type-post","status-publish","format-standard","has-post-thumbnail","hentry","category-internacionales"],"_links":{"self":[{"href":"https:\/\/sertv.gob.pa\/nacionalfm\/wp-json\/wp\/v2\/posts\/74022","targetHints":{"allow":["GET"]}}],"collection":[{"href":"https:\/\/sertv.gob.pa\/nacionalfm\/wp-json\/wp\/v2\/posts"}],"about":[{"href":"https:\/\/sertv.gob.pa\/nacionalfm\/wp-json\/wp\/v2\/types\/post"}],"author":[{"embeddable":true,"href":"https:\/\/sertv.gob.pa\/nacionalfm\/wp-json\/wp\/v2\/users\/9"}],"replies":[{"embeddable":true,"href":"https:\/\/sertv.gob.pa\/nacionalfm\/wp-json\/wp\/v2\/comments?post=74022"}],"version-history":[{"count":1,"href":"https:\/\/sertv.gob.pa\/nacionalfm\/wp-json\/wp\/v2\/posts\/74022\/revisions"}],"predecessor-version":[{"id":74024,"href":"https:\/\/sertv.gob.pa\/nacionalfm\/wp-json\/wp\/v2\/posts\/74022\/revisions\/74024"}],"wp:featuredmedia":[{"embeddable":true,"href":"https:\/\/sertv.gob.pa\/nacionalfm\/wp-json\/wp\/v2\/media\/74023"}],"wp:attachment":[{"href":"https:\/\/sertv.gob.pa\/nacionalfm\/wp-json\/wp\/v2\/media?parent=74022"}],"wp:term":[{"taxonomy":"category","embeddable":true,"href":"https:\/\/sertv.gob.pa\/nacionalfm\/wp-json\/wp\/v2\/categories?post=74022"},{"taxonomy":"post_tag","embeddable":true,"href":"https:\/\/sertv.gob.pa\/nacionalfm\/wp-json\/wp\/v2\/tags?post=74022"}],"curies":[{"name":"wp","href":"https:\/\/api.w.org\/{rel}","templated":true}]}}