{"id":74085,"date":"2021-09-23T18:09:47","date_gmt":"2021-09-23T18:09:47","guid":{"rendered":"https:\/\/sertv.gob.pa\/nacionalfm\/?p=74085"},"modified":"2021-09-23T18:09:47","modified_gmt":"2021-09-23T18:09:47","slug":"la-administracion-se-topa-con-dificultades-a-la-hora-de-reunir-a-cientos-de-familias-separadas-en-la-frontera","status":"publish","type":"post","link":"https:\/\/sertv.gob.pa\/nacionalfm\/la-administracion-se-topa-con-dificultades-a-la-hora-de-reunir-a-cientos-de-familias-separadas-en-la-frontera\/","title":{"rendered":"La Administraci\u00f3n se topa con dificultades a la hora de reunir a cientos de familias separadas en la frontera"},"content":{"rendered":"<p><strong><em>MADRID, (EUROPA PRESS) \u2013<\/em><\/strong><\/p>\n<p><strong><em>\u00a0<\/em><\/strong><\/p>\n<p>Fiscales estadounidense est\u00e1n tratando de localizar a los padres de m\u00e1s de 300 menores migrantes que fueron separados de sus familias a su llegada a la frontera entre M\u00e9xico y Estados Unidos en el marco de la pol\u00edtica de tolerancia cero de la Administraci\u00f3n del expresidente Donald Trump.<\/p>\n<p>Seg\u00fan documentos judiciales a los que ha tenido acceso la cadena de televisi\u00f3n CNN, el Departamento de Justicia, Junto a la Uni\u00f3n Americana de Libertades Civiles (ACLU) ha puesto en marcha una serie de medidas para tratar de reagrupar a las familias separadas en la frontera tres a\u00f1os despu\u00e9s de que se implementara la pol\u00edtica migratoria.<\/p>\n<p>Desde agosto se ha logrado dar con el paradero de los padres de 34 menores separados de sus familias. La Administraci\u00f3n del presidente, Joe Biden, se ha comprometido a ayudar a las familias para reagruparlas. En febrero, el Gobierno anunci\u00f3 la creaci\u00f3n de grupo de trabajo para terminar de reunificar a estas familias en un intento por revertir una de las pol\u00edticas m\u00e1s controvertidas del anterior Gobierno.<\/p>\n<p>Desde la creaci\u00f3n de este grupo de trabajo se ha logrado reagrupar a 50 ni\u00f1os con sus padres, tal y como se\u00f1alan los documentos. Adem\u00e1s, el Departamento de Seguridad Nacional ha establecido un proceso para tramitar solicitudes y ofrecer apoyo a las familias.<\/p>\n<p>El Gobierno ha puesto a disposici\u00f3n de los migrantes una p\u00e1gina web para registrarse y lograr reunirse con sus familiares lo antes posible. Asimismo, altos cargos de la Administraci\u00f3n han recalcado la importancia de garantizar que las familias tengan adonde ir cuando lleguen al pa\u00eds a medida que se revisan sus casos.<\/p>\n<p>&nbsp;<\/p>\n<p>Fuente: EUROPA PRESS<\/p>\n","protected":false},"excerpt":{"rendered":"<p>MADRID, (EUROPA PRESS) \u2013 \u00a0 Fiscales estadounidense est\u00e1n tratando de <a href=\"https:\/\/sertv.gob.pa\/nacionalfm\/la-administracion-se-topa-con-dificultades-a-la-hora-de-reunir-a-cientos-de-familias-separadas-en-la-frontera\/\"> [&#8230;]<\/a><\/p>\n","protected":false},"author":9,"featured_media":74086,"comment_status":"closed","ping_status":"closed","sticky":false,"template":"","format":"standard","meta":{"footnotes":""},"categories":[3],"tags":[],"class_list":["post-74085","post","type-post","status-publish","format-standard","has-post-thumbnail","hentry","category-internacionales"],"_links":{"self":[{"href":"https:\/\/sertv.gob.pa\/nacionalfm\/wp-json\/wp\/v2\/posts\/74085","targetHints":{"allow":["GET"]}}],"collection":[{"href":"https:\/\/sertv.gob.pa\/nacionalfm\/wp-json\/wp\/v2\/posts"}],"about":[{"href":"https:\/\/sertv.gob.pa\/nacionalfm\/wp-json\/wp\/v2\/types\/post"}],"author":[{"embeddable":true,"href":"https:\/\/sertv.gob.pa\/nacionalfm\/wp-json\/wp\/v2\/users\/9"}],"replies":[{"embeddable":true,"href":"https:\/\/sertv.gob.pa\/nacionalfm\/wp-json\/wp\/v2\/comments?post=74085"}],"version-history":[{"count":1,"href":"https:\/\/sertv.gob.pa\/nacionalfm\/wp-json\/wp\/v2\/posts\/74085\/revisions"}],"predecessor-version":[{"id":74087,"href":"https:\/\/sertv.gob.pa\/nacionalfm\/wp-json\/wp\/v2\/posts\/74085\/revisions\/74087"}],"wp:featuredmedia":[{"embeddable":true,"href":"https:\/\/sertv.gob.pa\/nacionalfm\/wp-json\/wp\/v2\/media\/74086"}],"wp:attachment":[{"href":"https:\/\/sertv.gob.pa\/nacionalfm\/wp-json\/wp\/v2\/media?parent=74085"}],"wp:term":[{"taxonomy":"category","embeddable":true,"href":"https:\/\/sertv.gob.pa\/nacionalfm\/wp-json\/wp\/v2\/categories?post=74085"},{"taxonomy":"post_tag","embeddable":true,"href":"https:\/\/sertv.gob.pa\/nacionalfm\/wp-json\/wp\/v2\/tags?post=74085"}],"curies":[{"name":"wp","href":"https:\/\/api.w.org\/{rel}","templated":true}]}}