{"id":741,"date":"2014-08-04T05:00:00","date_gmt":"2014-08-04T05:00:00","guid":{"rendered":""},"modified":"2014-08-04T05:00:00","modified_gmt":"2014-08-04T05:00:00","slug":"propension-al-suicidio-podria-predecirse-por-analisis-de-sangre","status":"publish","type":"post","link":"https:\/\/sertv.gob.pa\/nacionalfm\/propension-al-suicidio-podria-predecirse-por-analisis-de-sangre\/","title":{"rendered":"Propensi\u00f3n al suicidio podr\u00eda predecirse por an\u00e1lisis de sangre"},"content":{"rendered":"<p>\nUn simple an\u00e1lisis de sangre podr\u00eda alg\u00fan d\u00eda determinar la propensi\u00f3n al suicidio de una persona, seg\u00fan investigadores estadounidenses que encontraron un indicador gen\u00e9tico de la vulnerabilidad del cerebro a los efectos del estr\u00e9s y la ansiedad. <\/p>\n<p>Cient\u00edficos de la universidad Johns Hopkins han estudiado la manera en que algunas sustancias qu\u00edmicas, los metilos, act\u00faan sobre el gen SKA2, que tiene un papel determinante porque suprime los efectos de las hormonas producidas por el estr\u00e9s. <\/p>\n<p>Seg\u00fan los investigadores, si el funcionamiento de este gen se ve afectado por un cambio qu\u00edmico, el cerebro es incapaz de manejar los efectos de las hormonas secretadas por el estr\u00e9s y la ansiedad, lo que podr\u00eda llevar a una persona al suicidio. <\/p>\n<p>Los cient\u00edficos, cuyo trabajo fue publicado en la revista American Journal of Psychiatry, estudiaron muestras de 150 cerebros, entre ellos los de personas mentalmente sanas y de otras que sufr\u00edan enfermedades mentales, algunas de las cuales se hab\u00edan suicidado. <\/p>\n<p>Constataron que aquellos que se hab\u00edan suicidado hab\u00edan tenido niveles muy altos de sustancias qu\u00edmicas que alteran el gen SKA2, impidi\u00e9ndoles reducir o eliminar los efectos de las hormonas producidas por el estr\u00e9s. <\/p>\n<p>A continuaci\u00f3n efectuaron an\u00e1lisis de sangre a m\u00e1s de 325 participantes en su estudio para ver si era posible identificar los cerebros que presentaban el riesgo m\u00e1s alto de suicidio utilizando el mismo biomarcador. <\/p>\n<p>Los resultados arrojaron que se pod\u00eda determinar con una exactitud de entre 80 y 90% si una persona hab\u00eda tenido pensamientos suicidas o hab\u00eda intentado quitarse la vida \u00fanicamente examinando el gen SKA2, si se tomaba adem\u00e1s en cuenta la edad, el sexo y los niveles de estr\u00e9s y ansiedad. <\/p>\n<p>Este tipo de an\u00e1lisis de sangre no estar\u00e1 disponible antes de por lo menos cinco a\u00f1os y podr\u00eda tardarse hasta 10, manifest\u00f3, no obstante, el doctor Zachary Kaminsky, profesor adjunto de la universidad Johns y autor principal de esta investigaci\u00f3n, citado por la cadena CNN.\u00a0 @nacionalFm <\/p>\n<p>\u00a0 <\/p>\n","protected":false},"excerpt":{"rendered":"<p>Un simple an\u00e1lisis de sangre podr\u00eda alg\u00fan d\u00eda determinar la <a href=\"https:\/\/sertv.gob.pa\/nacionalfm\/propension-al-suicidio-podria-predecirse-por-analisis-de-sangre\/\"> [&#8230;]<\/a><\/p>\n","protected":false},"author":1,"featured_media":742,"comment_status":"closed","ping_status":"closed","sticky":false,"template":"","format":"standard","meta":{"footnotes":""},"categories":[5],"tags":[],"class_list":["post-741","post","type-post","status-publish","format-standard","has-post-thumbnail","hentry","category-salud"],"_links":{"self":[{"href":"https:\/\/sertv.gob.pa\/nacionalfm\/wp-json\/wp\/v2\/posts\/741","targetHints":{"allow":["GET"]}}],"collection":[{"href":"https:\/\/sertv.gob.pa\/nacionalfm\/wp-json\/wp\/v2\/posts"}],"about":[{"href":"https:\/\/sertv.gob.pa\/nacionalfm\/wp-json\/wp\/v2\/types\/post"}],"author":[{"embeddable":true,"href":"https:\/\/sertv.gob.pa\/nacionalfm\/wp-json\/wp\/v2\/users\/1"}],"replies":[{"embeddable":true,"href":"https:\/\/sertv.gob.pa\/nacionalfm\/wp-json\/wp\/v2\/comments?post=741"}],"version-history":[{"count":0,"href":"https:\/\/sertv.gob.pa\/nacionalfm\/wp-json\/wp\/v2\/posts\/741\/revisions"}],"wp:featuredmedia":[{"embeddable":true,"href":"https:\/\/sertv.gob.pa\/nacionalfm\/wp-json\/wp\/v2\/media\/742"}],"wp:attachment":[{"href":"https:\/\/sertv.gob.pa\/nacionalfm\/wp-json\/wp\/v2\/media?parent=741"}],"wp:term":[{"taxonomy":"category","embeddable":true,"href":"https:\/\/sertv.gob.pa\/nacionalfm\/wp-json\/wp\/v2\/categories?post=741"},{"taxonomy":"post_tag","embeddable":true,"href":"https:\/\/sertv.gob.pa\/nacionalfm\/wp-json\/wp\/v2\/tags?post=741"}],"curies":[{"name":"wp","href":"https:\/\/api.w.org\/{rel}","templated":true}]}}