{"id":74141,"date":"2021-09-24T17:41:16","date_gmt":"2021-09-24T17:41:16","guid":{"rendered":"https:\/\/sertv.gob.pa\/nacionalfm\/?p=74141"},"modified":"2021-09-24T17:41:16","modified_gmt":"2021-09-24T17:41:16","slug":"carabineros-de-chile-desalojan-a-una-decena-de-migrantes-acampados-en-un-plaza-de-la-ciudad-de-iquique","status":"publish","type":"post","link":"https:\/\/sertv.gob.pa\/nacionalfm\/carabineros-de-chile-desalojan-a-una-decena-de-migrantes-acampados-en-un-plaza-de-la-ciudad-de-iquique\/","title":{"rendered":"Carabineros de Chile desalojan a una decena de migrantes acampados en un plaza de la ciudad de Iquique"},"content":{"rendered":"<p><strong><em>MADRID, (EUROPA PRESS) &#8211;<\/em><\/strong><\/p>\n<p>&nbsp;<\/p>\n<p>Carabineros de Chile ha desalojado este viernes a una decena de migrantes que estaban acampados en una plaza ubicada en la ciudad de Iquique, en un operativo en el que se han registrado incidentes y ha dejado varios detenidos, un n\u00famero a\u00fan sin especificar.<\/p>\n<p>La Polic\u00eda de Investigaciones tambi\u00e9n ha estado presente en el operativo, seg\u00fan puede verse en v\u00eddeos que circulan en redes sociales y que han recogido los medios chilenos.<\/p>\n<p>El coronel Andr\u00e9s Arenas ha explicado que el operativo busca la \u00abrecuperaci\u00f3n de espacio p\u00fablico\u00bb y que \u00abnace de una resoluci\u00f3n que emana en julio por parte de la gobernaci\u00f3n\u00bb, ha informado el diario &#8216;El Mercurio&#8217;.<\/p>\n<p>Las personas acampadas han entrado en Chile por pasos no habilitados, pero han sido sometidos a pruebas diagn\u00f3sticas de la COVID-19. Algunos son enviados a centros sanitarios, pero una vez que dejan estos recintos no tienen un lugar donde ir o quedarse.<\/p>\n<p>&nbsp;<\/p>\n<p>Fuente: EUROPA PRESS<\/p>\n","protected":false},"excerpt":{"rendered":"<p>MADRID, (EUROPA PRESS) &#8211; &nbsp; Carabineros de Chile ha desalojado <a href=\"https:\/\/sertv.gob.pa\/nacionalfm\/carabineros-de-chile-desalojan-a-una-decena-de-migrantes-acampados-en-un-plaza-de-la-ciudad-de-iquique\/\"> [&#8230;]<\/a><\/p>\n","protected":false},"author":9,"featured_media":74142,"comment_status":"closed","ping_status":"closed","sticky":false,"template":"","format":"standard","meta":{"footnotes":""},"categories":[3],"tags":[],"class_list":["post-74141","post","type-post","status-publish","format-standard","has-post-thumbnail","hentry","category-internacionales"],"_links":{"self":[{"href":"https:\/\/sertv.gob.pa\/nacionalfm\/wp-json\/wp\/v2\/posts\/74141","targetHints":{"allow":["GET"]}}],"collection":[{"href":"https:\/\/sertv.gob.pa\/nacionalfm\/wp-json\/wp\/v2\/posts"}],"about":[{"href":"https:\/\/sertv.gob.pa\/nacionalfm\/wp-json\/wp\/v2\/types\/post"}],"author":[{"embeddable":true,"href":"https:\/\/sertv.gob.pa\/nacionalfm\/wp-json\/wp\/v2\/users\/9"}],"replies":[{"embeddable":true,"href":"https:\/\/sertv.gob.pa\/nacionalfm\/wp-json\/wp\/v2\/comments?post=74141"}],"version-history":[{"count":1,"href":"https:\/\/sertv.gob.pa\/nacionalfm\/wp-json\/wp\/v2\/posts\/74141\/revisions"}],"predecessor-version":[{"id":74143,"href":"https:\/\/sertv.gob.pa\/nacionalfm\/wp-json\/wp\/v2\/posts\/74141\/revisions\/74143"}],"wp:featuredmedia":[{"embeddable":true,"href":"https:\/\/sertv.gob.pa\/nacionalfm\/wp-json\/wp\/v2\/media\/74142"}],"wp:attachment":[{"href":"https:\/\/sertv.gob.pa\/nacionalfm\/wp-json\/wp\/v2\/media?parent=74141"}],"wp:term":[{"taxonomy":"category","embeddable":true,"href":"https:\/\/sertv.gob.pa\/nacionalfm\/wp-json\/wp\/v2\/categories?post=74141"},{"taxonomy":"post_tag","embeddable":true,"href":"https:\/\/sertv.gob.pa\/nacionalfm\/wp-json\/wp\/v2\/tags?post=74141"}],"curies":[{"name":"wp","href":"https:\/\/api.w.org\/{rel}","templated":true}]}}