{"id":74144,"date":"2021-09-24T17:58:14","date_gmt":"2021-09-24T17:58:14","guid":{"rendered":"https:\/\/sertv.gob.pa\/nacionalfm\/?p=74144"},"modified":"2021-09-24T17:58:14","modified_gmt":"2021-09-24T17:58:14","slug":"el-volcan-de-fuego-de-guatemala-entra-en-erupcion","status":"publish","type":"post","link":"https:\/\/sertv.gob.pa\/nacionalfm\/el-volcan-de-fuego-de-guatemala-entra-en-erupcion\/","title":{"rendered":"El volc\u00e1n de Fuego de Guatemala entra en erupci\u00f3n"},"content":{"rendered":"<p><strong><em>MADRID, (EUROPA PRESS) \u2013<\/em><\/strong><\/p>\n<p><strong><em>\u00a0<\/em><\/strong><\/p>\n<p>El volc\u00e1n de Fuego, uno de los tres activos de Guatemala, ha entrado en erupci\u00f3n y se encuentra inmerso en una fase explosiva de expulsi\u00f3n de ceniza, piroclastos y material incandescente.<\/p>\n<p>El Instituto de Vulcanolog\u00eda de Guatemala (Insivumeh) ha descartado que por el momento se hayan producido evacuaciones, si bien las autoridades han pedido a la poblaci\u00f3n estar alerta ante posibles modificaciones.<\/p>\n<p>\u00abLa actividad que se est\u00e1 registrando en estos momentos corresponde al inicio de una erupci\u00f3n de car\u00e1cter estromboliano (mezcla de explosiones y flujos de lava) o mayormente efusivo\u00bb, dijo a periodistas Emilio Barillas, vocero del estatal Instituto de Vulcanolog\u00eda (Insivumeh).<\/p>\n<p>La erupci\u00f3n ha provocado el descenso de material volc\u00e1nico ardiente (flujo pirocl\u00e1stico) a lo largo de seis kil\u00f3metros por un barranco del flanco suroeste. El volc\u00e1n de Fuego, de 3.763 metros de altura y ubicado 35 kil\u00f3metros al suroeste de Ciudad de Guatemala, se erige entre las provincias de Escuintla, Sacatep\u00e9quez y Chimaltenango y es uno de los tres colosos activos en Guatemala junto al Pacaya y el volc\u00e1n Santiaguito.<\/p>\n<p>Esta nueva fase eruptiva es la m\u00e1s fuerte registrada desde el 3 de junio de 2018, cuando una potente erupci\u00f3n provoc\u00f3 una avalancha que arras\u00f3 la comunidad de San Miguel Los Lotes y parte de una carretera en el poblado vecino de Alotenango, dejando 215 muertos y cientos de desaparecidos.<\/p>\n<p>&nbsp;<\/p>\n<p>Fuente: EUROPA PRESS<\/p>\n","protected":false},"excerpt":{"rendered":"<p>MADRID, (EUROPA PRESS) \u2013 \u00a0 El volc\u00e1n de Fuego, uno <a href=\"https:\/\/sertv.gob.pa\/nacionalfm\/el-volcan-de-fuego-de-guatemala-entra-en-erupcion\/\"> [&#8230;]<\/a><\/p>\n","protected":false},"author":9,"featured_media":74145,"comment_status":"closed","ping_status":"closed","sticky":false,"template":"","format":"standard","meta":{"footnotes":""},"categories":[3],"tags":[],"class_list":["post-74144","post","type-post","status-publish","format-standard","has-post-thumbnail","hentry","category-internacionales"],"_links":{"self":[{"href":"https:\/\/sertv.gob.pa\/nacionalfm\/wp-json\/wp\/v2\/posts\/74144","targetHints":{"allow":["GET"]}}],"collection":[{"href":"https:\/\/sertv.gob.pa\/nacionalfm\/wp-json\/wp\/v2\/posts"}],"about":[{"href":"https:\/\/sertv.gob.pa\/nacionalfm\/wp-json\/wp\/v2\/types\/post"}],"author":[{"embeddable":true,"href":"https:\/\/sertv.gob.pa\/nacionalfm\/wp-json\/wp\/v2\/users\/9"}],"replies":[{"embeddable":true,"href":"https:\/\/sertv.gob.pa\/nacionalfm\/wp-json\/wp\/v2\/comments?post=74144"}],"version-history":[{"count":1,"href":"https:\/\/sertv.gob.pa\/nacionalfm\/wp-json\/wp\/v2\/posts\/74144\/revisions"}],"predecessor-version":[{"id":74147,"href":"https:\/\/sertv.gob.pa\/nacionalfm\/wp-json\/wp\/v2\/posts\/74144\/revisions\/74147"}],"wp:featuredmedia":[{"embeddable":true,"href":"https:\/\/sertv.gob.pa\/nacionalfm\/wp-json\/wp\/v2\/media\/74145"}],"wp:attachment":[{"href":"https:\/\/sertv.gob.pa\/nacionalfm\/wp-json\/wp\/v2\/media?parent=74144"}],"wp:term":[{"taxonomy":"category","embeddable":true,"href":"https:\/\/sertv.gob.pa\/nacionalfm\/wp-json\/wp\/v2\/categories?post=74144"},{"taxonomy":"post_tag","embeddable":true,"href":"https:\/\/sertv.gob.pa\/nacionalfm\/wp-json\/wp\/v2\/tags?post=74144"}],"curies":[{"name":"wp","href":"https:\/\/api.w.org\/{rel}","templated":true}]}}