{"id":74215,"date":"2021-09-28T18:03:07","date_gmt":"2021-09-28T18:03:07","guid":{"rendered":"https:\/\/sertv.gob.pa\/nacionalfm\/?p=74215"},"modified":"2021-09-28T18:03:07","modified_gmt":"2021-09-28T18:03:07","slug":"casi-700-migrantes-y-refugiados-llegan-a-lampedusa-en-un-pesquero","status":"publish","type":"post","link":"https:\/\/sertv.gob.pa\/nacionalfm\/casi-700-migrantes-y-refugiados-llegan-a-lampedusa-en-un-pesquero\/","title":{"rendered":"Casi 700 migrantes y refugiados llegan a Lampedusa en un pesquero"},"content":{"rendered":"<p><strong><em>ROMA, (DPA\/EP) \u2013<\/em><\/strong><\/p>\n<p><strong><em>\u00a0<\/em><\/strong><\/p>\n<p>Casi 690 migrantes y refugiados llegaron el lunes por la noche a la isla italiana de Lampedusa a bordo de un pesquero, en el marco de una nueva llegada de pateras que ha elevado por encima de 750 las personas que han arribado a la costa en unas pocas horas.<\/p>\n<p>En concreto, 686 personas viajaban en un viejo pesquero que hab\u00eda partido desde Libia. Cinco de los pasajeros fueron trasladados al hospital local para recibir atenci\u00f3n m\u00e9dica, seg\u00fan medios locales.<\/p>\n<p>Poco despu\u00e9s, los guardacostas han descubierto otras cuatro embarcaciones de menor tama\u00f1o con un total de 67 migrantes a bordo. Este martes por la ma\u00f1ana, tambi\u00e9n ha sido localizada otra patera con alrededor de medio centenar de personas.<\/p>\n<p>Las autoridades de la isla, donde viven unas 6.500 personas, han trasladado a estos migrantes a un centro de acogida temporal que en principio solo tiene 250 plazas pero que alberga a m\u00e1s de un millar de personas. El Ministerio del Interior ha prometido enviar un barco para aliviar la presi\u00f3n de estas instalaciones.<\/p>\n<p>La llegada de migrantes al sur de Italia sigue siendo una constante. En lo que va de a\u00f1o, m\u00e1s de mil personas han muerto o desaparecido en la zona central del Mediterr\u00e1neo, seg\u00fan datos de la Organizaci\u00f3n Internacional para las Migraciones (OIM).<\/p>\n<p>&nbsp;<\/p>\n<p>Fuente: EUROPA PRESS<\/p>\n","protected":false},"excerpt":{"rendered":"<p>ROMA, (DPA\/EP) \u2013 \u00a0 Casi 690 migrantes y refugiados llegaron <a href=\"https:\/\/sertv.gob.pa\/nacionalfm\/casi-700-migrantes-y-refugiados-llegan-a-lampedusa-en-un-pesquero\/\"> [&#8230;]<\/a><\/p>\n","protected":false},"author":9,"featured_media":74216,"comment_status":"closed","ping_status":"closed","sticky":false,"template":"","format":"standard","meta":{"footnotes":""},"categories":[3],"tags":[],"class_list":["post-74215","post","type-post","status-publish","format-standard","has-post-thumbnail","hentry","category-internacionales"],"_links":{"self":[{"href":"https:\/\/sertv.gob.pa\/nacionalfm\/wp-json\/wp\/v2\/posts\/74215","targetHints":{"allow":["GET"]}}],"collection":[{"href":"https:\/\/sertv.gob.pa\/nacionalfm\/wp-json\/wp\/v2\/posts"}],"about":[{"href":"https:\/\/sertv.gob.pa\/nacionalfm\/wp-json\/wp\/v2\/types\/post"}],"author":[{"embeddable":true,"href":"https:\/\/sertv.gob.pa\/nacionalfm\/wp-json\/wp\/v2\/users\/9"}],"replies":[{"embeddable":true,"href":"https:\/\/sertv.gob.pa\/nacionalfm\/wp-json\/wp\/v2\/comments?post=74215"}],"version-history":[{"count":1,"href":"https:\/\/sertv.gob.pa\/nacionalfm\/wp-json\/wp\/v2\/posts\/74215\/revisions"}],"predecessor-version":[{"id":74217,"href":"https:\/\/sertv.gob.pa\/nacionalfm\/wp-json\/wp\/v2\/posts\/74215\/revisions\/74217"}],"wp:featuredmedia":[{"embeddable":true,"href":"https:\/\/sertv.gob.pa\/nacionalfm\/wp-json\/wp\/v2\/media\/74216"}],"wp:attachment":[{"href":"https:\/\/sertv.gob.pa\/nacionalfm\/wp-json\/wp\/v2\/media?parent=74215"}],"wp:term":[{"taxonomy":"category","embeddable":true,"href":"https:\/\/sertv.gob.pa\/nacionalfm\/wp-json\/wp\/v2\/categories?post=74215"},{"taxonomy":"post_tag","embeddable":true,"href":"https:\/\/sertv.gob.pa\/nacionalfm\/wp-json\/wp\/v2\/tags?post=74215"}],"curies":[{"name":"wp","href":"https:\/\/api.w.org\/{rel}","templated":true}]}}