{"id":74267,"date":"2021-09-29T16:45:27","date_gmt":"2021-09-29T16:45:27","guid":{"rendered":"https:\/\/sertv.gob.pa\/nacionalfm\/?p=74267"},"modified":"2021-09-29T16:45:27","modified_gmt":"2021-09-29T16:45:27","slug":"la-cumbre-extraordinaria-del-g20-sobre-afganistan-se-celebrara-el-12-de-octubre","status":"publish","type":"post","link":"https:\/\/sertv.gob.pa\/nacionalfm\/la-cumbre-extraordinaria-del-g20-sobre-afganistan-se-celebrara-el-12-de-octubre\/","title":{"rendered":"La cumbre extraordinaria del G20 sobre Afganist\u00e1n se celebrar\u00e1 el 12 de octubre"},"content":{"rendered":"<p><strong><em>MADRID, 29 Sep. (EUROPA PRESS) \u2013<\/em><\/strong><\/p>\n<p><strong><em>\u00a0<\/em><\/strong><\/p>\n<p>El primer ministro de Italia, Mario Draghi, ha anunciado este mi\u00e9rcoles que la cumbre extraordinaria del G20 para abordar la situaci\u00f3n en Afganist\u00e1n tendr\u00e1 lugar el 12 de octubre.<\/p>\n<p>Seg\u00fan ha detallado en rueda de prensa, el G20 tratar\u00e1 la situaci\u00f3n de Afganist\u00e1n para evitar que el pa\u00eds asi\u00e1tico se convierta en un \u00abnido de terrorismo\u00bb y para evitar \u00abla crisis humanitaria\u00bb, ha recogido el diario italiano &#8216;Il Corriere della Sera&#8217;.<\/p>\n<p>El Gobierno italiano propuso la celebraci\u00f3n de una cumbre extraordinaria centrada en la crisis afgana a finales de agosto, una cita en la que Rusia estar\u00eda dispuesta a participar si asisten los pa\u00edses fronterizos con Afganist\u00e1n, algo a lo que ya habr\u00eda accedido Italia, que ostenta la presidencia de turno del G20.<\/p>\n<p>Los talib\u00e1n se hicieron con el poder a mediados de agosto tras entrar en Kabul poco despu\u00e9s de la huida del pa\u00eds del entonces presidente, Ashraf Ghani.<\/p>\n<p>&nbsp;<\/p>\n<p>Fuente: EUROPA PRESS<\/p>\n<p>&nbsp;<\/p>\n","protected":false},"excerpt":{"rendered":"<p>MADRID, 29 Sep. (EUROPA PRESS) \u2013 \u00a0 El primer ministro <a href=\"https:\/\/sertv.gob.pa\/nacionalfm\/la-cumbre-extraordinaria-del-g20-sobre-afganistan-se-celebrara-el-12-de-octubre\/\"> [&#8230;]<\/a><\/p>\n","protected":false},"author":9,"featured_media":74268,"comment_status":"closed","ping_status":"closed","sticky":false,"template":"","format":"standard","meta":{"footnotes":""},"categories":[3],"tags":[],"class_list":["post-74267","post","type-post","status-publish","format-standard","has-post-thumbnail","hentry","category-internacionales"],"_links":{"self":[{"href":"https:\/\/sertv.gob.pa\/nacionalfm\/wp-json\/wp\/v2\/posts\/74267","targetHints":{"allow":["GET"]}}],"collection":[{"href":"https:\/\/sertv.gob.pa\/nacionalfm\/wp-json\/wp\/v2\/posts"}],"about":[{"href":"https:\/\/sertv.gob.pa\/nacionalfm\/wp-json\/wp\/v2\/types\/post"}],"author":[{"embeddable":true,"href":"https:\/\/sertv.gob.pa\/nacionalfm\/wp-json\/wp\/v2\/users\/9"}],"replies":[{"embeddable":true,"href":"https:\/\/sertv.gob.pa\/nacionalfm\/wp-json\/wp\/v2\/comments?post=74267"}],"version-history":[{"count":1,"href":"https:\/\/sertv.gob.pa\/nacionalfm\/wp-json\/wp\/v2\/posts\/74267\/revisions"}],"predecessor-version":[{"id":74269,"href":"https:\/\/sertv.gob.pa\/nacionalfm\/wp-json\/wp\/v2\/posts\/74267\/revisions\/74269"}],"wp:featuredmedia":[{"embeddable":true,"href":"https:\/\/sertv.gob.pa\/nacionalfm\/wp-json\/wp\/v2\/media\/74268"}],"wp:attachment":[{"href":"https:\/\/sertv.gob.pa\/nacionalfm\/wp-json\/wp\/v2\/media?parent=74267"}],"wp:term":[{"taxonomy":"category","embeddable":true,"href":"https:\/\/sertv.gob.pa\/nacionalfm\/wp-json\/wp\/v2\/categories?post=74267"},{"taxonomy":"post_tag","embeddable":true,"href":"https:\/\/sertv.gob.pa\/nacionalfm\/wp-json\/wp\/v2\/tags?post=74267"}],"curies":[{"name":"wp","href":"https:\/\/api.w.org\/{rel}","templated":true}]}}