{"id":74403,"date":"2021-10-04T18:49:18","date_gmt":"2021-10-04T18:49:18","guid":{"rendered":"https:\/\/sertv.gob.pa\/nacionalfm\/?p=74403"},"modified":"2021-10-04T18:49:18","modified_gmt":"2021-10-04T18:49:18","slug":"cuba-alerta-de-la-llegada-de-polvo-del-sahara-y-de-cenizas-del-volcan-de-la-palma","status":"publish","type":"post","link":"https:\/\/sertv.gob.pa\/nacionalfm\/cuba-alerta-de-la-llegada-de-polvo-del-sahara-y-de-cenizas-del-volcan-de-la-palma\/","title":{"rendered":"Cuba alerta de la llegada de polvo del S\u00e1hara y de cenizas del volc\u00e1n de La Palma"},"content":{"rendered":"<p>Las autoridades cubanas han informado de un incremento de la concentraci\u00f3n de part\u00edculas en suspensi\u00f3n y polvo mezclados con di\u00f3xido de azufre procedentes del desierto del S\u00e1hara y de la erupci\u00f3n del volc\u00e1n de la isla de La Palma, en Canarias.<\/p>\n<p>Varios modelos de pron\u00f3stico del Departamento de Radiaci\u00f3n Solar y \u00d3ptica Atmosf\u00e9rica del Centro Meteorol\u00f3gico Provincial de Camag\u00fcey apuntan a que la nube con SO2 llegar\u00e1 al oriente cubano en la tarde de este lunes y se extender\u00e1 a partir del martes a todo el territorio cubano, informa la agencia de noticias cubana Prensa Latina.<\/p>\n<p>Por otra parte, pron\u00f3sticos del Servicio de Monitoreo Atmosf\u00e9rico del Programa Copernicus (CAMS) de la Uni\u00f3n Europea han alertado de que las mayores concentraciones de ese gas incoloro se registrar\u00e1n a partir del nivel de 850 hectopascales, a 1.500 metros sobre el nivel del mar.<\/p>\n<p>Ante situaciones como esta los especialistas del Ministerio de Salud P\u00fablica cubana recomiendan la protecci\u00f3n de las v\u00edas respiratorias y evitar realizar ejercicios al aire libre. Aquellas personas con alguna condici\u00f3n previa de enfermedad y alergia deben mantener el tratamiento preventivo.<\/p>\n<p>&nbsp;<\/p>\n<p>Fuente: EUROPA PRESS<\/p>\n","protected":false},"excerpt":{"rendered":"<p>Las autoridades cubanas han informado de un incremento de la <a href=\"https:\/\/sertv.gob.pa\/nacionalfm\/cuba-alerta-de-la-llegada-de-polvo-del-sahara-y-de-cenizas-del-volcan-de-la-palma\/\"> [&#8230;]<\/a><\/p>\n","protected":false},"author":9,"featured_media":74404,"comment_status":"closed","ping_status":"closed","sticky":false,"template":"","format":"standard","meta":{"footnotes":""},"categories":[3],"tags":[],"class_list":["post-74403","post","type-post","status-publish","format-standard","has-post-thumbnail","hentry","category-internacionales"],"_links":{"self":[{"href":"https:\/\/sertv.gob.pa\/nacionalfm\/wp-json\/wp\/v2\/posts\/74403","targetHints":{"allow":["GET"]}}],"collection":[{"href":"https:\/\/sertv.gob.pa\/nacionalfm\/wp-json\/wp\/v2\/posts"}],"about":[{"href":"https:\/\/sertv.gob.pa\/nacionalfm\/wp-json\/wp\/v2\/types\/post"}],"author":[{"embeddable":true,"href":"https:\/\/sertv.gob.pa\/nacionalfm\/wp-json\/wp\/v2\/users\/9"}],"replies":[{"embeddable":true,"href":"https:\/\/sertv.gob.pa\/nacionalfm\/wp-json\/wp\/v2\/comments?post=74403"}],"version-history":[{"count":1,"href":"https:\/\/sertv.gob.pa\/nacionalfm\/wp-json\/wp\/v2\/posts\/74403\/revisions"}],"predecessor-version":[{"id":74405,"href":"https:\/\/sertv.gob.pa\/nacionalfm\/wp-json\/wp\/v2\/posts\/74403\/revisions\/74405"}],"wp:featuredmedia":[{"embeddable":true,"href":"https:\/\/sertv.gob.pa\/nacionalfm\/wp-json\/wp\/v2\/media\/74404"}],"wp:attachment":[{"href":"https:\/\/sertv.gob.pa\/nacionalfm\/wp-json\/wp\/v2\/media?parent=74403"}],"wp:term":[{"taxonomy":"category","embeddable":true,"href":"https:\/\/sertv.gob.pa\/nacionalfm\/wp-json\/wp\/v2\/categories?post=74403"},{"taxonomy":"post_tag","embeddable":true,"href":"https:\/\/sertv.gob.pa\/nacionalfm\/wp-json\/wp\/v2\/tags?post=74403"}],"curies":[{"name":"wp","href":"https:\/\/api.w.org\/{rel}","templated":true}]}}