{"id":7445,"date":"2015-09-14T19:12:10","date_gmt":"2015-09-14T19:12:10","guid":{"rendered":""},"modified":"2015-09-14T19:12:10","modified_gmt":"2015-09-14T19:12:10","slug":"dia-mundial-de-la-septicemia","status":"publish","type":"post","link":"https:\/\/sertv.gob.pa\/nacionalfm\/dia-mundial-de-la-septicemia\/","title":{"rendered":"D\u00eda Mundial de la Septicemia"},"content":{"rendered":"<p>\nA pesar de que hoy es mucho lo que la  comunidad m\u00e9dica  conoce sobre la  septicemia , una condici\u00f3n cl\u00ednica que denota la presencia de bacterias en la sangre, una persona fallece a causa de este mal cada pocos segundos en el mundo. <\/p>\n<p>El pron\u00f3stico de un paciente con estado de  sepsis  &mdash;o infecci\u00f3n de la sangre&mdash; es de 60% de mortalidad, y el 40% restante que sobrevive queda con secuelas importantes, afirma el m\u00e9dico microbi\u00f3logo Silvio Vega, subdirector m\u00e9dico del Complejo Hospitalario Metropolitano de la Caja de Seguro Social (CHM-CSS). <\/p>\n<p>&ldquo;Por eso, las medidas m\u00e1s poderosas son la  prevenci\u00f3n  y la  detecci\u00f3n temprana de la sepsis &rdquo;, a\u00f1ade el especialista, quien es actual vicepresidente de la  Asociaci\u00f3n Panamericana de Infectolog\u00eda . <\/p>\n<p>Ayer, 13 de septiembre,  D\u00eda Mundial de la Septicemia , se recuerda que esta se puede prevenir usando vacunas y llevando a cabo el control de enfermedades cr\u00f3nicas, afirma el doctor Vega. <\/p>\n<p>\u00a0 <\/p>\n<p>\u00a0 <\/p>\n","protected":false},"excerpt":{"rendered":"<p>A pesar de que hoy es mucho lo que la <a href=\"https:\/\/sertv.gob.pa\/nacionalfm\/dia-mundial-de-la-septicemia\/\"> [&#8230;]<\/a><\/p>\n","protected":false},"author":1,"featured_media":7446,"comment_status":"closed","ping_status":"closed","sticky":false,"template":"","format":"standard","meta":{"footnotes":""},"categories":[5],"tags":[],"class_list":["post-7445","post","type-post","status-publish","format-standard","has-post-thumbnail","hentry","category-salud"],"_links":{"self":[{"href":"https:\/\/sertv.gob.pa\/nacionalfm\/wp-json\/wp\/v2\/posts\/7445","targetHints":{"allow":["GET"]}}],"collection":[{"href":"https:\/\/sertv.gob.pa\/nacionalfm\/wp-json\/wp\/v2\/posts"}],"about":[{"href":"https:\/\/sertv.gob.pa\/nacionalfm\/wp-json\/wp\/v2\/types\/post"}],"author":[{"embeddable":true,"href":"https:\/\/sertv.gob.pa\/nacionalfm\/wp-json\/wp\/v2\/users\/1"}],"replies":[{"embeddable":true,"href":"https:\/\/sertv.gob.pa\/nacionalfm\/wp-json\/wp\/v2\/comments?post=7445"}],"version-history":[{"count":0,"href":"https:\/\/sertv.gob.pa\/nacionalfm\/wp-json\/wp\/v2\/posts\/7445\/revisions"}],"wp:featuredmedia":[{"embeddable":true,"href":"https:\/\/sertv.gob.pa\/nacionalfm\/wp-json\/wp\/v2\/media\/7446"}],"wp:attachment":[{"href":"https:\/\/sertv.gob.pa\/nacionalfm\/wp-json\/wp\/v2\/media?parent=7445"}],"wp:term":[{"taxonomy":"category","embeddable":true,"href":"https:\/\/sertv.gob.pa\/nacionalfm\/wp-json\/wp\/v2\/categories?post=7445"},{"taxonomy":"post_tag","embeddable":true,"href":"https:\/\/sertv.gob.pa\/nacionalfm\/wp-json\/wp\/v2\/tags?post=7445"}],"curies":[{"name":"wp","href":"https:\/\/api.w.org\/{rel}","templated":true}]}}