{"id":74494,"date":"2021-10-06T17:16:16","date_gmt":"2021-10-06T17:16:16","guid":{"rendered":"https:\/\/sertv.gob.pa\/nacionalfm\/?p=74494"},"modified":"2021-10-06T17:16:16","modified_gmt":"2021-10-06T17:16:16","slug":"san-miguelito-se-une-a-la-campana-de-la-cinta-rosada-uniendo-fuerzas-contra-el-cancer","status":"publish","type":"post","link":"https:\/\/sertv.gob.pa\/nacionalfm\/san-miguelito-se-une-a-la-campana-de-la-cinta-rosada-uniendo-fuerzas-contra-el-cancer\/","title":{"rendered":"San Miguelito, se une a la campa\u00f1a de la cinta rosada \u201cUniendo fuerzas contra el c\u00e1ncer\u201d"},"content":{"rendered":"<p>La regi\u00f3n de Salud de San Miguelito del Ministerio de Salud, llev\u00f3 a cabo el encendido de luces en la parroquia Cristo Redentor, siendo monumento hist\u00f3rico en este distrito, iniciando la campa\u00f1a de la cinta rosada, con el fin de sensibilizar a toda la poblaci\u00f3n en la importancia que reviste la detecci\u00f3n temprana del c\u00e1ncer de mama.<\/p>\n<p>La directora regional de Salud de San Miguelito, Yaritzel R\u00edos, dio las palabras de inauguraci\u00f3n y motiv\u00f3 a todos los presentes, a apoyar esta campa\u00f1a del c\u00e1ncer de mama, que este a\u00f1o 2021, tiene como lema <strong><em>\u201cUniendo fuerzas contra el c\u00e1ncer\u201d,<\/em><\/strong> es una enfermedad que permite su prevenci\u00f3n a medida que sea diagn\u00f3stico a tiempo.<\/p>\n<p>Por otra parte, el alcalde del distrito, H\u00e9ctor Vald\u00e9s Carrasquilla exhort\u00f3 a la poblaci\u00f3n, sobre la importancia de prevenir el c\u00e1ncer de mama, a trav\u00e9s de la adopci\u00f3n de h\u00e1bitos de vida saludable y el control de los factores de riesgo en ambientes libres de humos de tabaco.<\/p>\n<p>R\u00edos, inst\u00f3 a la poblaci\u00f3n, a mantener estilos de vida saludable, realizar ejercicios, para prevenir enfermedades como el c\u00e1ncer, la invocaci\u00f3n religiosa, estuvo a cargo del reverendo Juan Sandoval, delegado Episcopal Zona Cristo Redentor.<\/p>\n<p>Adem\u00e1s, se cont\u00f3 con la murga de la Polic\u00eda Nacional, quienes deleitaron el evento, tambi\u00e9n se cont\u00f3 con la participaci\u00f3n del estudiante Ricardo Abrego con la d\u00e9cima \u201cUniendo fuerzas contra el c\u00e1ncer\u201d, con el torrente gallino lamento acompa\u00f1ado de la guitarra de su padre el profesor Ricardo Abrego.<\/p>\n<p>Igualmente, el testimonio un milagros de Dios, presentado por la se\u00f1ora Irela Barcelona, sobreviviente de c\u00e1ncer de mama; la autoevaluaci\u00f3n debe hacerse cada mes, familiarizarse con el aspecto y tacto normal de sus mamas para notar cualquier cambio.<\/p>\n<p>Es importante que hable con su m\u00e9dico para saber cu\u00e1ndo debe hacerse el examen y sus controles m\u00e9dicos. No bajemos la guardia mantenga las medidas de bioseguridad COVID-19<\/p>\n<p>&nbsp;<\/p>\n<p>Fuente: MINSA<\/p>\n","protected":false},"excerpt":{"rendered":"<p>La regi\u00f3n de Salud de San Miguelito del Ministerio de <a href=\"https:\/\/sertv.gob.pa\/nacionalfm\/san-miguelito-se-une-a-la-campana-de-la-cinta-rosada-uniendo-fuerzas-contra-el-cancer\/\"> [&#8230;]<\/a><\/p>\n","protected":false},"author":9,"featured_media":74495,"comment_status":"closed","ping_status":"closed","sticky":false,"template":"","format":"standard","meta":{"footnotes":""},"categories":[5],"tags":[],"class_list":["post-74494","post","type-post","status-publish","format-standard","has-post-thumbnail","hentry","category-salud"],"_links":{"self":[{"href":"https:\/\/sertv.gob.pa\/nacionalfm\/wp-json\/wp\/v2\/posts\/74494","targetHints":{"allow":["GET"]}}],"collection":[{"href":"https:\/\/sertv.gob.pa\/nacionalfm\/wp-json\/wp\/v2\/posts"}],"about":[{"href":"https:\/\/sertv.gob.pa\/nacionalfm\/wp-json\/wp\/v2\/types\/post"}],"author":[{"embeddable":true,"href":"https:\/\/sertv.gob.pa\/nacionalfm\/wp-json\/wp\/v2\/users\/9"}],"replies":[{"embeddable":true,"href":"https:\/\/sertv.gob.pa\/nacionalfm\/wp-json\/wp\/v2\/comments?post=74494"}],"version-history":[{"count":1,"href":"https:\/\/sertv.gob.pa\/nacionalfm\/wp-json\/wp\/v2\/posts\/74494\/revisions"}],"predecessor-version":[{"id":74498,"href":"https:\/\/sertv.gob.pa\/nacionalfm\/wp-json\/wp\/v2\/posts\/74494\/revisions\/74498"}],"wp:featuredmedia":[{"embeddable":true,"href":"https:\/\/sertv.gob.pa\/nacionalfm\/wp-json\/wp\/v2\/media\/74495"}],"wp:attachment":[{"href":"https:\/\/sertv.gob.pa\/nacionalfm\/wp-json\/wp\/v2\/media?parent=74494"}],"wp:term":[{"taxonomy":"category","embeddable":true,"href":"https:\/\/sertv.gob.pa\/nacionalfm\/wp-json\/wp\/v2\/categories?post=74494"},{"taxonomy":"post_tag","embeddable":true,"href":"https:\/\/sertv.gob.pa\/nacionalfm\/wp-json\/wp\/v2\/tags?post=74494"}],"curies":[{"name":"wp","href":"https:\/\/api.w.org\/{rel}","templated":true}]}}