{"id":7451,"date":"2015-09-14T19:52:18","date_gmt":"2015-09-14T19:52:18","guid":{"rendered":""},"modified":"2015-09-14T19:52:18","modified_gmt":"2015-09-14T19:52:18","slug":"15-de-septiembre-dia-mundial-del-linfoma","status":"publish","type":"post","link":"https:\/\/sertv.gob.pa\/nacionalfm\/15-de-septiembre-dia-mundial-del-linfoma\/","title":{"rendered":"15 de septiembre, D\u00eda Mundial del Linfoma"},"content":{"rendered":"<p>\nEste\u00a015 de septiembre se conmemora el  D\u00eda Mundial del Linfoma , una condici\u00f3n que cada a\u00f1o afecta a 5 de cada 100 mil habitantes en el planeta, y que de cada 100 mil habitantes ocasiona la muerte en 2 pacientes, seg\u00fan estad\u00edsticas de la Organizaci\u00f3n Mundial de la Salud. <\/p>\n<p>El linfoma, al presentarse a trav\u00e9s de s\u00edntomas variados, suele no ser diagnosticado de manera oportuna. <\/p>\n<p>Incluso, el 62% de los \u00a0pacientes de linfoma es mal diagnosticado, seg\u00fan Global Patiente Survey de 2014. <\/p>\n<p>Existen dos grandes grupos de linfoma con base en el estudio de las muestras de los ganglios: los linfomas Hodgkin y los linfomas no Hodgkin, afirma la hemat\u00f3loga Lineth L\u00f3pez. <\/p>\n<p>Basado en su pron\u00f3stico, indica, podr\u00edan agruparse como agresivos o indolentes, seg\u00fan la velocidad de crecimiento de los ganglios. <\/p>\n<p>Si se replica r\u00e1pido se considera un linfoma agresivo, si se replica lento se considera un linfoma indolente o poco agresivo, a\u00f1ade el hemat\u00f3logo Dimas Quiel. <\/p>\n<p>Hay m\u00e1s de 20 subtipos, cada uno con caracter\u00edsticas especiales, por lo que &ldquo;no hay que generalizar las experiencias de cada uno&rdquo;, aclara L\u00f3pez. <\/p>\n<p>\u00a0 <\/p>\n<p>\u00a0 <\/p>\n","protected":false},"excerpt":{"rendered":"<p>Este\u00a015 de septiembre se conmemora el D\u00eda Mundial del Linfoma <a href=\"https:\/\/sertv.gob.pa\/nacionalfm\/15-de-septiembre-dia-mundial-del-linfoma\/\"> [&#8230;]<\/a><\/p>\n","protected":false},"author":1,"featured_media":7452,"comment_status":"closed","ping_status":"closed","sticky":false,"template":"","format":"standard","meta":{"footnotes":""},"categories":[5],"tags":[],"class_list":["post-7451","post","type-post","status-publish","format-standard","has-post-thumbnail","hentry","category-salud"],"_links":{"self":[{"href":"https:\/\/sertv.gob.pa\/nacionalfm\/wp-json\/wp\/v2\/posts\/7451","targetHints":{"allow":["GET"]}}],"collection":[{"href":"https:\/\/sertv.gob.pa\/nacionalfm\/wp-json\/wp\/v2\/posts"}],"about":[{"href":"https:\/\/sertv.gob.pa\/nacionalfm\/wp-json\/wp\/v2\/types\/post"}],"author":[{"embeddable":true,"href":"https:\/\/sertv.gob.pa\/nacionalfm\/wp-json\/wp\/v2\/users\/1"}],"replies":[{"embeddable":true,"href":"https:\/\/sertv.gob.pa\/nacionalfm\/wp-json\/wp\/v2\/comments?post=7451"}],"version-history":[{"count":0,"href":"https:\/\/sertv.gob.pa\/nacionalfm\/wp-json\/wp\/v2\/posts\/7451\/revisions"}],"wp:featuredmedia":[{"embeddable":true,"href":"https:\/\/sertv.gob.pa\/nacionalfm\/wp-json\/wp\/v2\/media\/7452"}],"wp:attachment":[{"href":"https:\/\/sertv.gob.pa\/nacionalfm\/wp-json\/wp\/v2\/media?parent=7451"}],"wp:term":[{"taxonomy":"category","embeddable":true,"href":"https:\/\/sertv.gob.pa\/nacionalfm\/wp-json\/wp\/v2\/categories?post=7451"},{"taxonomy":"post_tag","embeddable":true,"href":"https:\/\/sertv.gob.pa\/nacionalfm\/wp-json\/wp\/v2\/tags?post=7451"}],"curies":[{"name":"wp","href":"https:\/\/api.w.org\/{rel}","templated":true}]}}