{"id":74606,"date":"2021-10-08T17:28:49","date_gmt":"2021-10-08T17:28:49","guid":{"rendered":"https:\/\/sertv.gob.pa\/nacionalfm\/?p=74606"},"modified":"2021-10-08T17:28:49","modified_gmt":"2021-10-08T17:28:49","slug":"edpr-inagura-el-mayor-complejo-solar-del-estado-de-sao-paulo-con-una-potencia-de-252-mwdc","status":"publish","type":"post","link":"https:\/\/sertv.gob.pa\/nacionalfm\/edpr-inagura-el-mayor-complejo-solar-del-estado-de-sao-paulo-con-una-potencia-de-252-mwdc\/","title":{"rendered":"EDPR inagura el mayor complejo solar del Estado de Sao Paulo con una potencia de 252 MWdc"},"content":{"rendered":"<p><strong><em>MADRID, (EUROPA PRESS) \u2013<\/em><\/strong><\/p>\n<p><strong><em>\u00a0<\/em><\/strong><\/p>\n<p>EDP Renewables ha inaugurado este viernes el mayor parque solar del estado de S\u00e3o Paulo y el quinto mayor de Brasil, con una potencia instalada de 252,29 MWdc, seg\u00fan ha informado en un comunicado.<\/p>\n<p>El parque, ubicado en Pereira Barreto, ser\u00e1 la mayor planta solar desarrollada, construida y gestionada por la empresa en todo el mundo. Desde el inicio de su construcci\u00f3n, la planta fotovoltaica ha generado un total de 1.500 puestos de trabajo, el 56% a nivel local.<\/p>\n<p>El complejo cuenta con una superficie total de 455 hect\u00e1reas, lo que equivale a 421 campos de f\u00fatbol, y evitar\u00e1 la emisi\u00f3n de m\u00e1s de 150 toneladas de di\u00f3xido de carbono (CO2) al a\u00f1o.<\/p>\n<p>\u00abPereira Barreto representa la apuesta de la compa\u00f1\u00eda por la diversificaci\u00f3n, en este caso por la energ\u00eda solar fotovoltaica\u00bb, ha destacado el consejero delegado de EDP y EDP Renov\u00e1veis, Miguel Stilwell.<\/p>\n<p>Stilwell ha remarcado que el pa\u00eds sudamericano constituye un mercado clave para la consecuci\u00f3n del plan de negocio de la compa\u00f1\u00eda, que tiene la intenci\u00f3n de desarrollar otros proyectos similares en la regi\u00f3n en el medio y largo plazo.<\/p>\n<p>La capacidad de generaci\u00f3n de la planta ser\u00e1 de 547,000 MWh al a\u00f1o, a trav\u00e9s de casi 600.000 paneles solares, suficientes para abastecer una ciudad de m\u00e1s de 750.000*habitantes.<\/p>\n<p>La empresa que comercializar\u00e1 la energ\u00eda verde de este gran proyecto solar ser\u00e1 EDP Brasil, a trav\u00e9s de su comercializadora, la tercera mayor comercializadora privada y la mayor comercializadora minorista del mercado brasile\u00f1o.<\/p>\n<p>&nbsp;<\/p>\n<p>Fuente: EUROPA PRESS<\/p>\n","protected":false},"excerpt":{"rendered":"<p>MADRID, (EUROPA PRESS) \u2013 \u00a0 EDP Renewables ha inaugurado este <a href=\"https:\/\/sertv.gob.pa\/nacionalfm\/edpr-inagura-el-mayor-complejo-solar-del-estado-de-sao-paulo-con-una-potencia-de-252-mwdc\/\"> [&#8230;]<\/a><\/p>\n","protected":false},"author":9,"featured_media":74607,"comment_status":"closed","ping_status":"closed","sticky":false,"template":"","format":"standard","meta":{"footnotes":""},"categories":[3],"tags":[],"class_list":["post-74606","post","type-post","status-publish","format-standard","has-post-thumbnail","hentry","category-internacionales"],"_links":{"self":[{"href":"https:\/\/sertv.gob.pa\/nacionalfm\/wp-json\/wp\/v2\/posts\/74606","targetHints":{"allow":["GET"]}}],"collection":[{"href":"https:\/\/sertv.gob.pa\/nacionalfm\/wp-json\/wp\/v2\/posts"}],"about":[{"href":"https:\/\/sertv.gob.pa\/nacionalfm\/wp-json\/wp\/v2\/types\/post"}],"author":[{"embeddable":true,"href":"https:\/\/sertv.gob.pa\/nacionalfm\/wp-json\/wp\/v2\/users\/9"}],"replies":[{"embeddable":true,"href":"https:\/\/sertv.gob.pa\/nacionalfm\/wp-json\/wp\/v2\/comments?post=74606"}],"version-history":[{"count":1,"href":"https:\/\/sertv.gob.pa\/nacionalfm\/wp-json\/wp\/v2\/posts\/74606\/revisions"}],"predecessor-version":[{"id":74608,"href":"https:\/\/sertv.gob.pa\/nacionalfm\/wp-json\/wp\/v2\/posts\/74606\/revisions\/74608"}],"wp:featuredmedia":[{"embeddable":true,"href":"https:\/\/sertv.gob.pa\/nacionalfm\/wp-json\/wp\/v2\/media\/74607"}],"wp:attachment":[{"href":"https:\/\/sertv.gob.pa\/nacionalfm\/wp-json\/wp\/v2\/media?parent=74606"}],"wp:term":[{"taxonomy":"category","embeddable":true,"href":"https:\/\/sertv.gob.pa\/nacionalfm\/wp-json\/wp\/v2\/categories?post=74606"},{"taxonomy":"post_tag","embeddable":true,"href":"https:\/\/sertv.gob.pa\/nacionalfm\/wp-json\/wp\/v2\/tags?post=74606"}],"curies":[{"name":"wp","href":"https:\/\/api.w.org\/{rel}","templated":true}]}}