{"id":74651,"date":"2021-10-11T18:55:29","date_gmt":"2021-10-11T18:55:29","guid":{"rendered":"https:\/\/sertv.gob.pa\/nacionalfm\/?p=74651"},"modified":"2021-10-11T18:55:29","modified_gmt":"2021-10-11T18:55:29","slug":"al-menos-cuatro-muertos-y-120-000-evacuados-por-las-inundaciones-en-la-provincia-de-shanxi-en-el-norte-de-china","status":"publish","type":"post","link":"https:\/\/sertv.gob.pa\/nacionalfm\/al-menos-cuatro-muertos-y-120-000-evacuados-por-las-inundaciones-en-la-provincia-de-shanxi-en-el-norte-de-china\/","title":{"rendered":"Al menos cuatro muertos y 120.000 evacuados por las inundaciones en la provincia de Shanxi, en el norte de China"},"content":{"rendered":"<p><strong><em>MADRID, (EUROPA PRESS) \u2013<\/em><\/strong><\/p>\n<p><strong><em>\u00a0<\/em><\/strong><\/p>\n<p>Al menos cuatro personas han muerto y m\u00e1s de 120.000 han tenido que ser evacuadas por las inundaciones provocadas por las lluvias torrenciales en la provincia china de Shanxi, en el norte del pa\u00eds, seg\u00fan las autoridades provinciales.<\/p>\n<p>Los fallecidos son cuatro polic\u00edas que se vieron sorprendidos por uno de los numerosos deslaves registrados, seg\u00fan el peri\u00f3dico estatal &#8216;Global Times&#8217;.<\/p>\n<p>\u00abLa crecida del r\u00edo Amarillo ha sido mayor este a\u00f1o\u00bb, ha relatado una vecina de la zona al &#8216;Global Times&#8217;. \u00abHay casas hundidas en las zonas rurales debido a las inundaciones, pero la gente ha podido ser evacuada previamente\u00bb, ha explicado.<\/p>\n<p>M\u00e1s de 1,75 millones de personas han resultado directamente afectadas por las lluvias, hay m\u00e1s de 17.000 casas derrumbadas y unas 190.000 hect\u00e1reas de cultivos da\u00f1adas. Se han registrado deslaves de terreno en m\u00e1s de 70 distritos, seg\u00fan recoge la televisi\u00f3n china CGTN.<\/p>\n<p>Las autoridades han levantado ya 4.000 tiendas de campa\u00f1a, 3.200 camas plegables, ropa y mantas para atender a la poblaci\u00f3n afectada. Las autoridades provinciales han anunciado ya 50 millones de yuanes (casi 6,7 millones de euros) de desembolso.<\/p>\n<p>Las intensas lluvias est\u00e1n dificultando las labores de rescate, m\u00e1s intensas si cabe ante la cercan\u00eda de las lluvias que hace tres meses dejaron m\u00e1s de 300 muertos en la provincia de Henan.<\/p>\n<p>Adem\u00e1s, se ha paralizado debido a las lluvias la actividad en 87 minas de carb\u00f3n, 372 minas de otros materiales y en 14 f\u00e1bricas de qu\u00edmicos peligrosos que se encuentran en la regi\u00f3n.<\/p>\n<p>&nbsp;<\/p>\n<p>Fuente: EUROPA PRESS<\/p>\n","protected":false},"excerpt":{"rendered":"<p>MADRID, (EUROPA PRESS) \u2013 \u00a0 Al menos cuatro personas han <a href=\"https:\/\/sertv.gob.pa\/nacionalfm\/al-menos-cuatro-muertos-y-120-000-evacuados-por-las-inundaciones-en-la-provincia-de-shanxi-en-el-norte-de-china\/\"> [&#8230;]<\/a><\/p>\n","protected":false},"author":9,"featured_media":74652,"comment_status":"closed","ping_status":"closed","sticky":false,"template":"","format":"standard","meta":{"footnotes":""},"categories":[3],"tags":[],"class_list":["post-74651","post","type-post","status-publish","format-standard","has-post-thumbnail","hentry","category-internacionales"],"_links":{"self":[{"href":"https:\/\/sertv.gob.pa\/nacionalfm\/wp-json\/wp\/v2\/posts\/74651","targetHints":{"allow":["GET"]}}],"collection":[{"href":"https:\/\/sertv.gob.pa\/nacionalfm\/wp-json\/wp\/v2\/posts"}],"about":[{"href":"https:\/\/sertv.gob.pa\/nacionalfm\/wp-json\/wp\/v2\/types\/post"}],"author":[{"embeddable":true,"href":"https:\/\/sertv.gob.pa\/nacionalfm\/wp-json\/wp\/v2\/users\/9"}],"replies":[{"embeddable":true,"href":"https:\/\/sertv.gob.pa\/nacionalfm\/wp-json\/wp\/v2\/comments?post=74651"}],"version-history":[{"count":1,"href":"https:\/\/sertv.gob.pa\/nacionalfm\/wp-json\/wp\/v2\/posts\/74651\/revisions"}],"predecessor-version":[{"id":74653,"href":"https:\/\/sertv.gob.pa\/nacionalfm\/wp-json\/wp\/v2\/posts\/74651\/revisions\/74653"}],"wp:featuredmedia":[{"embeddable":true,"href":"https:\/\/sertv.gob.pa\/nacionalfm\/wp-json\/wp\/v2\/media\/74652"}],"wp:attachment":[{"href":"https:\/\/sertv.gob.pa\/nacionalfm\/wp-json\/wp\/v2\/media?parent=74651"}],"wp:term":[{"taxonomy":"category","embeddable":true,"href":"https:\/\/sertv.gob.pa\/nacionalfm\/wp-json\/wp\/v2\/categories?post=74651"},{"taxonomy":"post_tag","embeddable":true,"href":"https:\/\/sertv.gob.pa\/nacionalfm\/wp-json\/wp\/v2\/tags?post=74651"}],"curies":[{"name":"wp","href":"https:\/\/api.w.org\/{rel}","templated":true}]}}