{"id":74744,"date":"2021-10-13T18:09:22","date_gmt":"2021-10-13T18:09:22","guid":{"rendered":"https:\/\/sertv.gob.pa\/nacionalfm\/?p=74744"},"modified":"2021-10-13T18:09:22","modified_gmt":"2021-10-13T18:09:22","slug":"las-regiones-de-la-ue-urgen-a-los-veintisiete-a-aprobar-la-garantia-infantil","status":"publish","type":"post","link":"https:\/\/sertv.gob.pa\/nacionalfm\/las-regiones-de-la-ue-urgen-a-los-veintisiete-a-aprobar-la-garantia-infantil\/","title":{"rendered":"Las regiones de la UE urgen a los Veintisiete a aprobar la Garant\u00eda Infantil"},"content":{"rendered":"<p><strong><em>BRUSELAS, (EUROPA PRESS) \u2013<\/em><\/strong><\/p>\n<p><strong><em>\u00a0<\/em><\/strong><\/p>\n<p>El Comit\u00e9 de las Regiones de la Uni\u00f3n Europea (CDR) ha reclamado este mi\u00e9rcoles a los Veintisiete que se pongan de acuerdo para aprobar la Garant\u00eda Infantil Europea, congelada por las desavenencias de algunos Estados miembros.<\/p>\n<p>El CDR, en una opini\u00f3n elaborada por el alcalde de la ciudad finlandesa de Sastamala, Jari Andersson, y aprobada en el pleno, reclama dejar a un lado las desavenencias y sacar adelante el plan que ser\u00e1 clave para que regiones y ciudades combatan la pobreza infantil y la explotaci\u00f3n en el terreno.<\/p>\n<p>Tal y como ha recordado Andersson, la medida est\u00e1 paralizada por el rechazo de algunos Estados miembros que quieren retirar del texto cualquier referencia sobre los derechos de menores LGBTIQ.<\/p>\n<p>El ponente ha expresado su preocupaci\u00f3n por la situaci\u00f3n y ha calificado de \u00abverg\u00fcenza\u00bb que el desencuentro por esos puntos est\u00e9 retrasando la adopci\u00f3n y aplicaci\u00f3n de la estrategia para proteger a los menores.<\/p>\n<p>\u00abCreemos que todos los ni\u00f1os, independientemente de su raza y origen \u00e9tnico, religi\u00f3n o creencias, discapacidad, nacionalidad, residencia o estado migratorio, g\u00e9nero y orientaci\u00f3n sexual &#8211; debe tener derecho a un nivel de vida adecuado, una educaci\u00f3n de calidad y la igualdad de oportunidades desde la etapa m\u00e1s temprana de la vida\u00bb, ha manifestado el &#8216;popular&#8217; finland\u00e9s.<\/p>\n<p>&nbsp;<\/p>\n<p>Fuente: EUROPA PRESS<\/p>\n","protected":false},"excerpt":{"rendered":"<p>BRUSELAS, (EUROPA PRESS) \u2013 \u00a0 El Comit\u00e9 de las Regiones <a href=\"https:\/\/sertv.gob.pa\/nacionalfm\/las-regiones-de-la-ue-urgen-a-los-veintisiete-a-aprobar-la-garantia-infantil\/\"> [&#8230;]<\/a><\/p>\n","protected":false},"author":9,"featured_media":74745,"comment_status":"closed","ping_status":"closed","sticky":false,"template":"","format":"standard","meta":{"footnotes":""},"categories":[3],"tags":[],"class_list":["post-74744","post","type-post","status-publish","format-standard","has-post-thumbnail","hentry","category-internacionales"],"_links":{"self":[{"href":"https:\/\/sertv.gob.pa\/nacionalfm\/wp-json\/wp\/v2\/posts\/74744","targetHints":{"allow":["GET"]}}],"collection":[{"href":"https:\/\/sertv.gob.pa\/nacionalfm\/wp-json\/wp\/v2\/posts"}],"about":[{"href":"https:\/\/sertv.gob.pa\/nacionalfm\/wp-json\/wp\/v2\/types\/post"}],"author":[{"embeddable":true,"href":"https:\/\/sertv.gob.pa\/nacionalfm\/wp-json\/wp\/v2\/users\/9"}],"replies":[{"embeddable":true,"href":"https:\/\/sertv.gob.pa\/nacionalfm\/wp-json\/wp\/v2\/comments?post=74744"}],"version-history":[{"count":1,"href":"https:\/\/sertv.gob.pa\/nacionalfm\/wp-json\/wp\/v2\/posts\/74744\/revisions"}],"predecessor-version":[{"id":74746,"href":"https:\/\/sertv.gob.pa\/nacionalfm\/wp-json\/wp\/v2\/posts\/74744\/revisions\/74746"}],"wp:featuredmedia":[{"embeddable":true,"href":"https:\/\/sertv.gob.pa\/nacionalfm\/wp-json\/wp\/v2\/media\/74745"}],"wp:attachment":[{"href":"https:\/\/sertv.gob.pa\/nacionalfm\/wp-json\/wp\/v2\/media?parent=74744"}],"wp:term":[{"taxonomy":"category","embeddable":true,"href":"https:\/\/sertv.gob.pa\/nacionalfm\/wp-json\/wp\/v2\/categories?post=74744"},{"taxonomy":"post_tag","embeddable":true,"href":"https:\/\/sertv.gob.pa\/nacionalfm\/wp-json\/wp\/v2\/tags?post=74744"}],"curies":[{"name":"wp","href":"https:\/\/api.w.org\/{rel}","templated":true}]}}